{"id":220745,"date":"2020-03-22T12:22:16","date_gmt":"2020-03-22T11:22:16","guid":{"rendered":"https:\/\/www.bwin.it\/it\/news\/?p=220745"},"modified":"2020-03-30T16:27:14","modified_gmt":"2020-03-30T14:27:14","slug":"calciatori-in-prestito-scadenza-cosa-succede","status":"publish","type":"post","link":"https:\/\/www.bwin.it\/it\/news\/calciomercato\/calciatori-in-prestito-scadenza-cosa-succede","title":{"rendered":"Calciatori in prestito o in scadenza: cosa pu\u00f2 succedere se i campionati finissero dopo il 30 giugno"},"content":{"rendered":"<div class=\"wpb-content-wrapper\"><p>[vc_row][vc_column width=&#8221;3\/4&#8243;][vc_column_text]<\/p>\n<p><strong>Il 30 giugno 2020 rischia di essere una data importantissima, per il calcio italiano e non solo. Non si tratta di una qualche partita in programma, poich\u00e9 non \u00e8 affatto certo che per allora l&#8217;emergenza sanitaria sar\u00e0 passata. Si tratta invece di una scadenza ed \u00e8 una domanda che si stanno ponendo in molti: se i campionati dovessero riprendere e poi protrarsi oltre quella data, cosa succeder\u00e0 ai calciatori in prestito e ai contratti in scadenza? Cerchiamo di capirci qualcosa di pi\u00f9.<\/strong><\/p>\n<h2>Contratti in scadenza il 30 giugno: i casi pi\u00f9 spinosi<\/h2>\n<p>Per convenzione, nel calcio europeo si \u00e8 soliti fissare il 30 giugno come data unica per il termine dei vari contratti firmati con i giocatori, ma anche dei prestiti da un club all&#8217;altro. I 5 campionati pi\u00f9 importanti (Serie A, Premier League, Liga, Bundesliga e Ligue 1), ma anche i massimi campionati olandesi, portoghesi, belgi eccetera, si concludono infatti tutti entro quella data. Questo \u00e8 per\u00f2 un anno molto particolare, vista la pandemia in corso su tutto il globo. Ovviamente la preoccupazione di tutti \u00e8 che il virus venga sconfitto e che possiamo tornare prima possibile alle nostre vite, ma ad oggi non abbiamo questa certezza.<\/p>\n<p>Pochi giorni fa abbiamo avuto la certezza del <a href=\"https:\/\/www.bwin.it\/it\/news\/calcio\/europei-2020\/rinvio-euro-2020-scenari-possibili\" target=\"_blank\" rel=\"noopener noreferrer\"><strong>rinvio di Euro 2020 all&#8217;anno prossimo<\/strong><\/a>, e ci\u00f2 ha comportato una sorta di via libera &#8220;ufficiale&#8221; alla riprogrammazione dei campionati nazionali. Se la marcia per arrivare a un <a href=\"https:\/\/www.bwin.it\/it\/sports\/calcio-4\/scommesse\/italia-20\/serie-a-42\">vincitore della Serie A<\/a> e delle altre leghe dovesse riprendere come (ottimisticamente?) previsto ai primi di maggio, allora la scadenza del 30 giugno potrebbe venire rispettata. Ma se cos\u00ec non fosse, ci sono decine di contratti che potrebbero creare tutta una serie di complicazioni legali, insieme alla lunga lista dei calciatori in prestito.<\/p>\n<h3>Mertens e Callejon, gli ex ribelli<\/h3>\n<p>Ci sono situazioni che potrebbero diventare davvero spinose. Si pensi ad esempio a <strong>Dries Mertens<\/strong> e<strong> Jos\u00e9 Maria Callejon<\/strong>. I due sono in scadenza di contratto con il Napoli, oltre che fra i ribelli del famoso ammutinamento dello scorso autunno. La societ\u00e0 ha anche provato a trovare altre soluzioni come una cessione a gennaio, non ci \u00e8 riuscita e quindi era pacifico che entrambi arrivassero a scadenza per poi sistemarsi altrove. L&#8217;ipotesi di un rinnovo era esclusa, anche se il contributo di entrambi alla risalita del Napoli ha mitigato la tensione tra il presidente e i due calciatori. Sia il belga che lo spagnolo hanno gi\u00e0 incontrato De Laurentiis per parlare di rinnovo, ma se non si trovasse una soluzione c&#8217;\u00e8 un rischio enorme: che il Napoli si trovi a dover giocare partite importanti dopo il 30 giugno senza poter contare su Mertens e Callejon.<\/p>\n<figure id=\"attachment_192823\" aria-describedby=\"caption-attachment-192823\" style=\"width: 1014px\" class=\"wp-caption aligncenter\"><img loading=\"lazy\" decoding=\"async\" class=\"size-large wp-image-192823\" src=\"https:\/\/www.bwin.it\/it\/news\/wp-content\/uploads\/2019\/10\/GettyImages-1177187107-1024x803.jpg\" alt=\"\" width=\"1024\" height=\"803\" \/><figcaption id=\"caption-attachment-192823\" class=\"wp-caption-text\">Dries Mertens (Getty Images)<\/figcaption><\/figure>\n<p>Tecnicamente lo stesso problema riguarda anche altri big come <strong>Buffon<\/strong> e <strong>Chiellini<\/strong> della Juventus. In questo caso, per\u00f2, i rapporti sono molto pi\u00f9 distesi e una soluzione si dovrebbe trovare. Altrettanto vale per <strong>Zlatan Ibrahimovic<\/strong>, il cui accordo con il Milan era per una stagione e quindi si dovrebbe concludere al 30 giugno. Ovviamente ci sono decine di altri contratti in scadenza per quella data, ma abbiamo citato i pi\u00f9 famosi solo per rendere l&#8217;idea. Tuttavia quello del fuoriclasse svedese \u00e8 un caso diverso perch\u00e9 Ibra <strong>rientra tecnicamente fra i calciatori in prestito<\/strong>, precisamente dal LA Galaxy. Questo ci d\u00e0 l&#8217;assist per entrare in un altro potenziale contenitore di scenari intricati.<\/p>\n<h2>Calciatori in prestito, cosa pu\u00f2 succedere?<\/h2>\n<p>C&#8217;\u00e8 infatti la questione dei prestiti, che rischia di disegnare situazioni ancora pi\u00f9 paradossali. L&#8217;esempio pi\u00f9 lampante \u00e8 quello dell&#8217;Inter, che ha una situazione di diversi giocatori in prestito, sia dati che ricevuti. Si pensi ad esempio a <strong>Mauro Icardi <\/strong>(foto in alto), protagonista di una lunga telenovela lo scorso anno e infine accasatosi al PSG per questa stagione. In teoria, se i parigini non dovessero riscattarlo, il 1 luglio Maurito dovrebbe ripresentarsi alla Pinetina. Ma cosa succederebbe se la stagione fosse ancora in corso, il PSG fosse ancora in corsa per la Champions League? E se l&#8217;Inter fosse ancora in corsa per scudetto ed Europa League e Lukaku si infortunasse, potrebbero i nerazzurri rinunciare a un sostituto possibile come Icardi?<\/p>\n<h3>Il caso Maurito<\/h3>\n<p>Quello di Icardi \u00e8 il caso pi\u00f9 spinoso anche per la storia intercorsa tra il giocatore e il club. Ma l&#8217;Inter ha altre situazioni di prestito che potrebbero essere fonte di imbarazzo, qualora la stagione si protraesse a luglio. Gli altri &#8220;esuberi di lusso&#8221; che l&#8217;Inter ha piazzato altrove sono <strong>Nainggolan<\/strong> e <strong>Perisic,<\/strong> ma se quest&#8217;ultimo potrebbe venire riscattato dal Bayern Monaco il belga \u00e8 invece destinato a tornare a Milano, con scenari non dissimili da quelli delineati per Icardi. A sua volta l&#8217;Inter ha in rosa giocatori ottenuti in prestito, come <strong>Moses<\/strong> e <strong>Sanchez.<\/strong> In particolare per il cileno le cose potrebbe diventare complicate, poich\u00e9\u00a0 l&#8217;ex &#8220;Ni\u00f1o Maravilla&#8221; \u00e8 in prestito secco. Dunque il 1 luglio dovrebbe fare ritorno al Manchester United.<\/p>\n<h3>Kulusevski e la Vecchia Signora<\/h3>\n<p>Altri casi non semplici di calciatori in prestito sono quelli del gi\u00e0 citato Ibrahimovic e di Ante Rebic con il Milan, ma anche dei &#8220;romanisti&#8221; <strong>Smalling<\/strong> e <strong>Mkhitaryan. <\/strong>C&#8217;\u00e8 poi qualche situazione particolare di prestito, come ad esempio quello di <strong>Dejan Kulusevski<\/strong>. Il gioiellino svedese del Parma \u00e8 stato acquistato dalla Juventus nello scorso mercato di gennaio e lasciato in prestito ai ducali. Un parcheggio che si conclude il 30 giugno, data in cui tecnicamente il ragazzo dovrebbe essere aggregato alla Juventus. Potrebbe la Vecchia Signora schierarlo subito?<\/p>\n<figure id=\"attachment_212951\" aria-describedby=\"caption-attachment-212951\" style=\"width: 1014px\" class=\"wp-caption aligncenter\"><img loading=\"lazy\" decoding=\"async\" class=\"size-large wp-image-212951\" src=\"https:\/\/www.bwin.it\/it\/news\/wp-content\/uploads\/2020\/02\/GettyImages-1193579149-1024x672.jpg\" alt=\"\" width=\"1024\" height=\"672\" \/><figcaption id=\"caption-attachment-212951\" class=\"wp-caption-text\">Dejan Kulusevski (Getty Images)<\/figcaption><\/figure>\n<h2>Le ipotesi sul tavolo<\/h2>\n<p>Al momento, vista sia l&#8217;incertezza dovuta al continuo diffondersi del contagio sia altre questioni come le proposte di un <strong>taglio degli stipendi<\/strong> durante il periodo di inattivit\u00e0, non \u00e8 dato sapere come la situazione verr\u00e0 risolta. Di sicuro <strong>servir\u00e0 un accordo tra i due club coinvolti in ciascun contratto<\/strong>, ma non baster\u00e0. Sar\u00e0 necessario il placet ufficiale della Lega, che dovr\u00e0 approvare una qualche forma di deroga ai contratti in essere. Meglio ancora, potrebbero servire <strong>accordi bilaterali tra le leghe nazionali coinvolte<\/strong>. Nel caso di Icardi, ad esempio, potrebbe rendersi necessario un accordo scritto tra la lega francese e quella italiana.<\/p>\n<p>Certo siamo ancora in alto mare, ma la sensazione \u00e8 che si riuscir\u00e0 a trovare una soluzione. D&#8217;altra parte, con un disastro economico da scongiurare, quello di trovare una eventuale coda legale per contratti e prestiti in scadenza non rappresenta certo la problematica pi\u00f9 grave o urgente.<\/p>\n<p><span class=\"s2\">[\/vc_column_text][\/vc_column][vc_column width=&#8221;1\/4&#8243;]<script src=\"\/\/cdn.bannerflow.com\/bf-placements\/5c5b313f90c3a495505fbdbc?targeturl=\" async=\"\"><\/script>[\/vc_column][\/vc_row]<\/span><\/p>\n<\/div>","protected":false},"excerpt":{"rendered":"<p>Tra i problemi causati dallo stop ai campionati per la pandemia c&#8217;\u00e8 quello dei contratti in scadenza e i prestiti. Che succede se si va oltre il 30 giugno?<\/p>\n","protected":false},"author":157,"featured_media":220756,"comment_status":"open","ping_status":"closed","sticky":false,"template":"","format":"standard","meta":{"_acf_changed":false,"footnotes":""},"categories":[4787],"tags":[],"class_list":["post-220745","post","type-post","status-publish","format-standard","has-post-thumbnail","hentry","category-calciomercato","generate-columns","tablet-grid-50","mobile-grid-100","grid-parent","grid-50","no-featured-image-padding"],"acf":[],"yoast_head":"<!-- This site is optimized with the Yoast SEO plugin v24.3 - https:\/\/yoast.com\/wordpress\/plugins\/seo\/ -->\n<title>Calciatori in prestito o in scadenza: cosa succede se i campionati vanno oltre il 30 giugno<\/title>\n<meta name=\"description\" content=\"Tra i problemi causati dallo stop ai campionati per la pandemia c&#039;\u00e8 quello dei calciatori in prestito o scadenza. Che succede se si va oltre il 30 giugno?\" \/>\n<meta name=\"robots\" content=\"index, follow, max-snippet:-1, max-image-preview:large, max-video-preview:-1\" \/>\n<link rel=\"canonical\" href=\"https:\/\/www.bwin.it\/it\/news\/calciomercato\/calciatori-in-prestito-scadenza-cosa-succede\" \/>\n<meta property=\"og:locale\" content=\"it_IT\" \/>\n<meta property=\"og:type\" content=\"article\" \/>\n<meta property=\"og:title\" content=\"Calciatori in prestito o in scadenza: cosa succede se i campionati vanno oltre il 30 giugno\" \/>\n<meta property=\"og:description\" content=\"Tra i problemi causati dallo stop ai campionati per la pandemia c&#039;\u00e8 quello dei calciatori in prestito o scadenza. Che succede se si va oltre il 30 giugno?\" \/>\n<meta property=\"og:url\" content=\"https:\/\/sports.bwin.it\/it\/news\/calciomercato\/calciatori-in-prestito-scadenza-cosa-succede\" \/>\n<meta property=\"og:site_name\" content=\"bwin news\" \/>\n<meta property=\"article:published_time\" content=\"2020-03-22T11:22:16+00:00\" \/>\n<meta property=\"article:modified_time\" content=\"2020-03-30T14:27:14+00:00\" \/>\n<meta property=\"og:image\" content=\"https:\/\/newscdn.fitting-solutions.at\/it\/uploads\/2020\/03\/GettyImages-1178485343-1-scaled.jpg?strip=all&lossy=1&ssl=1\" \/>\n\t<meta property=\"og:image:width\" content=\"2560\" \/>\n\t<meta property=\"og:image:height\" content=\"1707\" \/>\n\t<meta property=\"og:image:type\" content=\"image\/jpeg\" \/>\n<meta name=\"author\" content=\"Domenico Gioffr\u00e8\" \/>\n<meta name=\"twitter:label1\" content=\"Scritto da\" \/>\n\t<meta name=\"twitter:data1\" content=\"Domenico Gioffr\u00e8\" \/>\n\t<meta name=\"twitter:label2\" content=\"Tempo di lettura stimato\" \/>\n\t<meta name=\"twitter:data2\" content=\"5 minuti\" \/>\n<script type=\"application\/ld+json\" class=\"yoast-schema-graph\">{\"@context\":\"https:\/\/schema.org\",\"@graph\":[{\"@type\":\"Article\",\"@id\":\"https:\/\/sports.bwin.it\/it\/news\/calciomercato\/calciatori-in-prestito-scadenza-cosa-succede#article\",\"isPartOf\":{\"@id\":\"https:\/\/sports.bwin.it\/it\/news\/calciomercato\/calciatori-in-prestito-scadenza-cosa-succede\"},\"author\":{\"name\":\"Domenico Gioffr\u00e8\",\"@id\":\"https:\/\/sports.bwin.it\/it\/news\/#\/schema\/person\/55281a8218cc7cd00e2356ca78e5fd9d\"},\"headline\":\"Calciatori in prestito o in scadenza: cosa pu\u00f2 succedere se i campionati finissero dopo il 30 giugno\",\"datePublished\":\"2020-03-22T11:22:16+00:00\",\"dateModified\":\"2020-03-30T14:27:14+00:00\",\"mainEntityOfPage\":{\"@id\":\"https:\/\/sports.bwin.it\/it\/news\/calciomercato\/calciatori-in-prestito-scadenza-cosa-succede\"},\"wordCount\":1079,\"commentCount\":0,\"publisher\":{\"@id\":\"https:\/\/sports.bwin.it\/it\/news\/#organization\"},\"image\":{\"@id\":\"https:\/\/sports.bwin.it\/it\/news\/calciomercato\/calciatori-in-prestito-scadenza-cosa-succede#primaryimage\"},\"thumbnailUrl\":\"https:\/\/www.bwin.it\/it\/news\/wp-content\/uploads\/2020\/03\/GettyImages-1178485343-1-scaled.jpg\",\"articleSection\":[\"Calciomercato\"],\"inLanguage\":\"it-IT\",\"copyrightYear\":\"2020\",\"copyrightHolder\":{\"@id\":\"https:\/\/www.bwin.it\/it\/news\/#organization\"}},{\"@type\":\"WebPage\",\"@id\":\"https:\/\/sports.bwin.it\/it\/news\/calciomercato\/calciatori-in-prestito-scadenza-cosa-succede\",\"url\":\"https:\/\/sports.bwin.it\/it\/news\/calciomercato\/calciatori-in-prestito-scadenza-cosa-succede\",\"name\":\"Calciatori in prestito o in scadenza: cosa succede se i campionati vanno oltre il 30 giugno\",\"isPartOf\":{\"@id\":\"https:\/\/sports.bwin.it\/it\/news\/#website\"},\"primaryImageOfPage\":{\"@id\":\"https:\/\/sports.bwin.it\/it\/news\/calciomercato\/calciatori-in-prestito-scadenza-cosa-succede#primaryimage\"},\"image\":{\"@id\":\"https:\/\/sports.bwin.it\/it\/news\/calciomercato\/calciatori-in-prestito-scadenza-cosa-succede#primaryimage\"},\"thumbnailUrl\":\"https:\/\/www.bwin.it\/it\/news\/wp-content\/uploads\/2020\/03\/GettyImages-1178485343-1-scaled.jpg\",\"datePublished\":\"2020-03-22T11:22:16+00:00\",\"dateModified\":\"2020-03-30T14:27:14+00:00\",\"description\":\"Tra i problemi causati dallo stop ai campionati per la pandemia c'\u00e8 quello dei calciatori in prestito o scadenza. Che succede se si va oltre il 30 giugno?\",\"breadcrumb\":{\"@id\":\"https:\/\/sports.bwin.it\/it\/news\/calciomercato\/calciatori-in-prestito-scadenza-cosa-succede#breadcrumb\"},\"inLanguage\":\"it-IT\",\"potentialAction\":[{\"@type\":\"ReadAction\",\"target\":[\"https:\/\/sports.bwin.it\/it\/news\/calciomercato\/calciatori-in-prestito-scadenza-cosa-succede\"]}]},{\"@type\":\"ImageObject\",\"inLanguage\":\"it-IT\",\"@id\":\"https:\/\/sports.bwin.it\/it\/news\/calciomercato\/calciatori-in-prestito-scadenza-cosa-succede#primaryimage\",\"url\":\"https:\/\/www.bwin.it\/it\/news\/wp-content\/uploads\/2020\/03\/GettyImages-1178485343-1-scaled.jpg\",\"contentUrl\":\"https:\/\/www.bwin.it\/it\/news\/wp-content\/uploads\/2020\/03\/GettyImages-1178485343-1-scaled.jpg\",\"width\":2560,\"height\":1707,\"caption\":\"Paris Saint-Germain's Argentine forward Mauro Icardi (C) celebrates after scoring his team's second goal during the French L1 football match between Paris Saint-Germain (PSG) and Olympique de Marseille (OM) at the Parc des Princes stadium in Paris on October 27, 2019. (Photo by Martin BUREAU \/ AFP) (Photo by MARTIN BUREAU\/AFP via Getty Images)\"},{\"@type\":\"BreadcrumbList\",\"@id\":\"https:\/\/sports.bwin.it\/it\/news\/calciomercato\/calciatori-in-prestito-scadenza-cosa-succede#breadcrumb\",\"itemListElement\":[{\"@type\":\"ListItem\",\"position\":1,\"name\":\"Home\",\"item\":\"https:\/\/sports.bwin.it\/it\/news\/\"},{\"@type\":\"ListItem\",\"position\":2,\"name\":\"Calciomercato\",\"item\":\"https:\/\/sports.bwin.it\/it\/news\/calciomercato\"},{\"@type\":\"ListItem\",\"position\":3,\"name\":\"Calciatori in prestito o in scadenza: cosa pu\u00f2 succedere se i campionati finissero dopo il 30 giugno\"}]},{\"@type\":\"WebSite\",\"@id\":\"https:\/\/sports.bwin.it\/it\/news\/#website\",\"url\":\"https:\/\/sports.bwin.it\/it\/news\/\",\"name\":\"bwin news\",\"description\":\"\",\"publisher\":{\"@id\":\"https:\/\/sports.bwin.it\/it\/news\/#organization\"},\"potentialAction\":[{\"@type\":\"SearchAction\",\"target\":{\"@type\":\"EntryPoint\",\"urlTemplate\":\"https:\/\/sports.bwin.it\/it\/news\/?s={search_term_string}\"},\"query-input\":{\"@type\":\"PropertyValueSpecification\",\"valueRequired\":true,\"valueName\":\"search_term_string\"}}],\"inLanguage\":\"it-IT\"},{\"@type\":\"Organization\",\"@id\":\"https:\/\/sports.bwin.it\/it\/news\/#organization\",\"name\":\"bwin news\",\"url\":\"https:\/\/sports.bwin.it\/it\/news\/\",\"logo\":{\"@type\":\"ImageObject\",\"inLanguage\":\"it-IT\",\"@id\":\"https:\/\/sports.bwin.it\/it\/news\/#\/schema\/logo\/image\/\",\"url\":\"https:\/\/www.bwin.it\/it\/news\/wp-content\/uploads\/2023\/04\/cropped-1060x400-bwin.news_.png\",\"contentUrl\":\"https:\/\/www.bwin.it\/it\/news\/wp-content\/uploads\/2023\/04\/cropped-1060x400-bwin.news_.png\",\"width\":1060,\"height\":400,\"caption\":\"bwin news\"},\"image\":{\"@id\":\"https:\/\/sports.bwin.it\/it\/news\/#\/schema\/logo\/image\/\"}},{\"@type\":\"Person\",\"@id\":\"https:\/\/sports.bwin.it\/it\/news\/#\/schema\/person\/55281a8218cc7cd00e2356ca78e5fd9d\",\"name\":\"Domenico Gioffr\u00e8\",\"image\":{\"@type\":\"ImageObject\",\"inLanguage\":\"it-IT\",\"@id\":\"https:\/\/sports.bwin.it\/it\/news\/#\/schema\/person\/image\/\",\"url\":\"https:\/\/secure.gravatar.com\/avatar\/54d9bf6fad966e18fe5f441f38c0a1f5?s=96&d=mm&r=g\",\"contentUrl\":\"https:\/\/secure.gravatar.com\/avatar\/54d9bf6fad966e18fe5f441f38c0a1f5?s=96&d=mm&r=g\",\"caption\":\"Domenico Gioffr\u00e8\"},\"description\":\"Nato in Calabria diciamo nel secolo scorso, cos\u00ec ci diamo un tono e non diffondiamo troppe informazioni presenti nel relativo dossier Inps. In giovane et\u00e0 ha dato un personale contributo a quella poi generosamente ribattezzata come \\\"fuga di cervelli\\\", emigrando al Centro Nord. Da allora combatte la nostalgia seguendo il motto \\\"Trovati un lavoro che ti piace e non lavorerai un solo giorno della tua vita\\\". Negli anni si \u00e8 impegnato in battaglie culturali come quella per la diffusione della melanzana sott'olio a nord del 38\u00b0 parallelo. Nel tempo libero si guadagna da vivere scrivendo di cose che lo appassionano: sport, scommesse, giochi e fantagiochi.\",\"url\":\"https:\/\/www.bwin.it\/it\/news\/author\/domenico-gioffre\"}]}<\/script>\n<!-- \/ Yoast SEO plugin. -->","yoast_head_json":{"title":"Calciatori in prestito o in scadenza: cosa succede se i campionati vanno oltre il 30 giugno","description":"Tra i problemi causati dallo stop ai campionati per la pandemia c'\u00e8 quello dei calciatori in prestito o scadenza. Che succede se si va oltre il 30 giugno?","robots":{"index":"index","follow":"follow","max-snippet":"max-snippet:-1","max-image-preview":"max-image-preview:large","max-video-preview":"max-video-preview:-1"},"canonical":"https:\/\/www.bwin.it\/it\/news\/calciomercato\/calciatori-in-prestito-scadenza-cosa-succede","og_locale":"it_IT","og_type":"article","og_title":"Calciatori in prestito o in scadenza: cosa succede se i campionati vanno oltre il 30 giugno","og_description":"Tra i problemi causati dallo stop ai campionati per la pandemia c'\u00e8 quello dei calciatori in prestito o scadenza. Che succede se si va oltre il 30 giugno?","og_url":"https:\/\/sports.bwin.it\/it\/news\/calciomercato\/calciatori-in-prestito-scadenza-cosa-succede","og_site_name":"bwin news","article_published_time":"2020-03-22T11:22:16+00:00","article_modified_time":"2020-03-30T14:27:14+00:00","og_image":[{"width":2560,"height":1707,"url":"https:\/\/newscdn.fitting-solutions.at\/it\/uploads\/2020\/03\/GettyImages-1178485343-1-scaled.jpg?strip=all&lossy=1&ssl=1","type":"image\/jpeg"}],"author":"Domenico Gioffr\u00e8","twitter_misc":{"Scritto da":"Domenico Gioffr\u00e8","Tempo di lettura stimato":"5 minuti"},"schema":{"@context":"https:\/\/schema.org","@graph":[{"@type":"Article","@id":"https:\/\/sports.bwin.it\/it\/news\/calciomercato\/calciatori-in-prestito-scadenza-cosa-succede#article","isPartOf":{"@id":"https:\/\/sports.bwin.it\/it\/news\/calciomercato\/calciatori-in-prestito-scadenza-cosa-succede"},"author":{"name":"Domenico Gioffr\u00e8","@id":"https:\/\/sports.bwin.it\/it\/news\/#\/schema\/person\/55281a8218cc7cd00e2356ca78e5fd9d"},"headline":"Calciatori in prestito o in scadenza: cosa pu\u00f2 succedere se i campionati finissero dopo il 30 giugno","datePublished":"2020-03-22T11:22:16+00:00","dateModified":"2020-03-30T14:27:14+00:00","mainEntityOfPage":{"@id":"https:\/\/sports.bwin.it\/it\/news\/calciomercato\/calciatori-in-prestito-scadenza-cosa-succede"},"wordCount":1079,"commentCount":0,"publisher":{"@id":"https:\/\/sports.bwin.it\/it\/news\/#organization"},"image":{"@id":"https:\/\/sports.bwin.it\/it\/news\/calciomercato\/calciatori-in-prestito-scadenza-cosa-succede#primaryimage"},"thumbnailUrl":"https:\/\/www.bwin.it\/it\/news\/wp-content\/uploads\/2020\/03\/GettyImages-1178485343-1-scaled.jpg","articleSection":["Calciomercato"],"inLanguage":"it-IT","copyrightYear":"2020","copyrightHolder":{"@id":"https:\/\/www.bwin.it\/it\/news\/#organization"}},{"@type":"WebPage","@id":"https:\/\/sports.bwin.it\/it\/news\/calciomercato\/calciatori-in-prestito-scadenza-cosa-succede","url":"https:\/\/sports.bwin.it\/it\/news\/calciomercato\/calciatori-in-prestito-scadenza-cosa-succede","name":"Calciatori in prestito o in scadenza: cosa succede se i campionati vanno oltre il 30 giugno","isPartOf":{"@id":"https:\/\/sports.bwin.it\/it\/news\/#website"},"primaryImageOfPage":{"@id":"https:\/\/sports.bwin.it\/it\/news\/calciomercato\/calciatori-in-prestito-scadenza-cosa-succede#primaryimage"},"image":{"@id":"https:\/\/sports.bwin.it\/it\/news\/calciomercato\/calciatori-in-prestito-scadenza-cosa-succede#primaryimage"},"thumbnailUrl":"https:\/\/www.bwin.it\/it\/news\/wp-content\/uploads\/2020\/03\/GettyImages-1178485343-1-scaled.jpg","datePublished":"2020-03-22T11:22:16+00:00","dateModified":"2020-03-30T14:27:14+00:00","description":"Tra i problemi causati dallo stop ai campionati per la pandemia c'\u00e8 quello dei calciatori in prestito o scadenza. Che succede se si va oltre il 30 giugno?","breadcrumb":{"@id":"https:\/\/sports.bwin.it\/it\/news\/calciomercato\/calciatori-in-prestito-scadenza-cosa-succede#breadcrumb"},"inLanguage":"it-IT","potentialAction":[{"@type":"ReadAction","target":["https:\/\/sports.bwin.it\/it\/news\/calciomercato\/calciatori-in-prestito-scadenza-cosa-succede"]}]},{"@type":"ImageObject","inLanguage":"it-IT","@id":"https:\/\/sports.bwin.it\/it\/news\/calciomercato\/calciatori-in-prestito-scadenza-cosa-succede#primaryimage","url":"https:\/\/www.bwin.it\/it\/news\/wp-content\/uploads\/2020\/03\/GettyImages-1178485343-1-scaled.jpg","contentUrl":"https:\/\/www.bwin.it\/it\/news\/wp-content\/uploads\/2020\/03\/GettyImages-1178485343-1-scaled.jpg","width":2560,"height":1707,"caption":"Paris Saint-Germain's Argentine forward Mauro Icardi (C) celebrates after scoring his team's second goal during the French L1 football match between Paris Saint-Germain (PSG) and Olympique de Marseille (OM) at the Parc des Princes stadium in Paris on October 27, 2019. (Photo by Martin BUREAU \/ AFP) (Photo by MARTIN BUREAU\/AFP via Getty Images)"},{"@type":"BreadcrumbList","@id":"https:\/\/sports.bwin.it\/it\/news\/calciomercato\/calciatori-in-prestito-scadenza-cosa-succede#breadcrumb","itemListElement":[{"@type":"ListItem","position":1,"name":"Home","item":"https:\/\/sports.bwin.it\/it\/news\/"},{"@type":"ListItem","position":2,"name":"Calciomercato","item":"https:\/\/sports.bwin.it\/it\/news\/calciomercato"},{"@type":"ListItem","position":3,"name":"Calciatori in prestito o in scadenza: cosa pu\u00f2 succedere se i campionati finissero dopo il 30 giugno"}]},{"@type":"WebSite","@id":"https:\/\/sports.bwin.it\/it\/news\/#website","url":"https:\/\/sports.bwin.it\/it\/news\/","name":"bwin news","description":"","publisher":{"@id":"https:\/\/sports.bwin.it\/it\/news\/#organization"},"potentialAction":[{"@type":"SearchAction","target":{"@type":"EntryPoint","urlTemplate":"https:\/\/sports.bwin.it\/it\/news\/?s={search_term_string}"},"query-input":{"@type":"PropertyValueSpecification","valueRequired":true,"valueName":"search_term_string"}}],"inLanguage":"it-IT"},{"@type":"Organization","@id":"https:\/\/sports.bwin.it\/it\/news\/#organization","name":"bwin news","url":"https:\/\/sports.bwin.it\/it\/news\/","logo":{"@type":"ImageObject","inLanguage":"it-IT","@id":"https:\/\/sports.bwin.it\/it\/news\/#\/schema\/logo\/image\/","url":"https:\/\/www.bwin.it\/it\/news\/wp-content\/uploads\/2023\/04\/cropped-1060x400-bwin.news_.png","contentUrl":"https:\/\/www.bwin.it\/it\/news\/wp-content\/uploads\/2023\/04\/cropped-1060x400-bwin.news_.png","width":1060,"height":400,"caption":"bwin news"},"image":{"@id":"https:\/\/sports.bwin.it\/it\/news\/#\/schema\/logo\/image\/"}},{"@type":"Person","@id":"https:\/\/sports.bwin.it\/it\/news\/#\/schema\/person\/55281a8218cc7cd00e2356ca78e5fd9d","name":"Domenico Gioffr\u00e8","image":{"@type":"ImageObject","inLanguage":"it-IT","@id":"https:\/\/sports.bwin.it\/it\/news\/#\/schema\/person\/image\/","url":"https:\/\/secure.gravatar.com\/avatar\/54d9bf6fad966e18fe5f441f38c0a1f5?s=96&d=mm&r=g","contentUrl":"https:\/\/secure.gravatar.com\/avatar\/54d9bf6fad966e18fe5f441f38c0a1f5?s=96&d=mm&r=g","caption":"Domenico Gioffr\u00e8"},"description":"Nato in Calabria diciamo nel secolo scorso, cos\u00ec ci diamo un tono e non diffondiamo troppe informazioni presenti nel relativo dossier Inps. In giovane et\u00e0 ha dato un personale contributo a quella poi generosamente ribattezzata come \"fuga di cervelli\", emigrando al Centro Nord. Da allora combatte la nostalgia seguendo il motto \"Trovati un lavoro che ti piace e non lavorerai un solo giorno della tua vita\". Negli anni si \u00e8 impegnato in battaglie culturali come quella per la diffusione della melanzana sott'olio a nord del 38\u00b0 parallelo. Nel tempo libero si guadagna da vivere scrivendo di cose che lo appassionano: sport, scommesse, giochi e fantagiochi.","url":"https:\/\/www.bwin.it\/it\/news\/author\/domenico-gioffre"}]}},"_links":{"self":[{"href":"https:\/\/www.bwin.it\/it\/news\/wp-json\/wp\/v2\/posts\/220745","targetHints":{"allow":["GET"]}}],"collection":[{"href":"https:\/\/www.bwin.it\/it\/news\/wp-json\/wp\/v2\/posts"}],"about":[{"href":"https:\/\/www.bwin.it\/it\/news\/wp-json\/wp\/v2\/types\/post"}],"author":[{"embeddable":true,"href":"https:\/\/www.bwin.it\/it\/news\/wp-json\/wp\/v2\/users\/157"}],"replies":[{"embeddable":true,"href":"https:\/\/www.bwin.it\/it\/news\/wp-json\/wp\/v2\/comments?post=220745"}],"version-history":[{"count":3,"href":"https:\/\/www.bwin.it\/it\/news\/wp-json\/wp\/v2\/posts\/220745\/revisions"}],"predecessor-version":[{"id":222085,"href":"https:\/\/www.bwin.it\/it\/news\/wp-json\/wp\/v2\/posts\/220745\/revisions\/222085"}],"wp:featuredmedia":[{"embeddable":true,"href":"https:\/\/www.bwin.it\/it\/news\/wp-json\/wp\/v2\/media\/220756"}],"wp:attachment":[{"href":"https:\/\/www.bwin.it\/it\/news\/wp-json\/wp\/v2\/media?parent=220745"}],"wp:term":[{"taxonomy":"category","embeddable":true,"href":"https:\/\/www.bwin.it\/it\/news\/wp-json\/wp\/v2\/categories?post=220745"},{"taxonomy":"post_tag","embeddable":true,"href":"https:\/\/www.bwin.it\/it\/news\/wp-json\/wp\/v2\/tags?post=220745"}],"curies":[{"name":"wp","href":"https:\/\/api.w.org\/{rel}","templated":true}]}}