{"id":333939,"date":"2021-07-21T17:12:48","date_gmt":"2021-07-21T15:12:48","guid":{"rendered":"https:\/\/www.bwin.it\/it\/news\/?p=333939"},"modified":"2021-07-21T17:19:04","modified_gmt":"2021-07-21T15:19:04","slug":"mercato-inter-estate-2021","status":"publish","type":"post","link":"https:\/\/www.bwin.it\/it\/news\/calciomercato\/mercato-inter-estate-2021","title":{"rendered":"Mercato Inter, tra bilancio e necessit\u00e0 di confermarsi"},"content":{"rendered":"\n<p><strong>Il mercato estivo dell&#8217;Inter sar\u00e0 molto interessante da seguire per tutti gli appassionati: i campioni d&#8217;Italia infatti vorranno confermarsi tali dopo lo Scudetto vinto con Conte, ma dovranno muoversi bilanciando con grande attenzione necessit\u00e0 tecniche ed economiche.<\/strong><\/p>\n\n\n\n<p>Tornata a vincere lo Scudetto a distanza di 11 anni dall&#8217;ultima affermazione, l&#8217;Inter si trova nella difficile situazione di dover dare continuit\u00e0 a un progetto che ha perso a titolo acquisito il tecnico Antonio Conte, pietra angolare della rinascita nerazzurra, e che rischia di vedere ridimensionata la rosa in seguito ai problemi finanziari che hanno investito il gruppo Suning proprietario del club. Dopo aver scommesso su Simone Inzaghi, per cui finalmente \u00e8 arrivata la grande occasione dopo l&#8217;ottimo lavoro svolto alla guida della Lazio, la dirigenza dovr\u00e0 muoversi sul mercato in modo da garantire al nuovo allenatore una rosa all&#8217;altezza degli obiettivi senza per\u00f2 perdere di vista gli equilibri di bilancio.<\/p>\n\n\n\n<h2 class=\"wp-block-heading\"><strong>Inter, che la prossima stagione non sia un &#8220;anno zero&#8221;<\/strong><\/h2>\n\n\n\n<p>Una missione, quella che spetter\u00e0 ai responsabili di mercato dell&#8217;Inter. All&#8217;addio di Conte \u00e8 seguita la cessione dopo una sola stagione di Achraf Hakimi, esterno destro tra i principali protagonisti nella vittoriosa corsa verso lo Scudetto passato al PSG per 60 milioni di euro + 11 di bonus: due mosse che da sole hanno riposizionato il club nerazzurro in seconda posizione nelle <a href=\"https:\/\/www.bwin.it\/it\/sports\/calcio-4\/scommesse\/italia-20\/serie-a-42\">quote per la vittoria della Serie A 2021\/2022<\/a>, alle spalle della Juventus che ha riabbracciato Massimiliano Allegri che guida a 2,15 contro la quota di 3,00 assegnata alla Beneamata. Davvero \u00e8 bastato questo per cambiare nuovamente gli equilibri del massimo campionato italiano?<\/p>\n\n\n\n<p>Cos\u00ec sembrerebbe, anche se da qui al 21 agosto 2021, data designata per l&#8217;inizio della nuova Serie A, il mercato dell&#8217;Inter potrebbe portare alla corte di Simone Inzaghi qualche altro tassello oltre a Hakan Calhanoglu, soffiato a parametro zero ai cugini del Milan e chiamato al difficile compito di non far rimpiangere Christian Eriksen: dopo un inizio difficile il danese era diventato uno dei punti di forza dei nerazzurri, ma i problemi cardiaci che lo hanno colpito durante gli Europei hanno messo in forse addirittura la sua carriera e spetter\u00e0 al turco sostituirlo al meglio inserendosi da subito negli schemi di Inzaghi. Comunque sia serviranno sicuramente altri colpi per perfezionare una squadra che non pu\u00f2 permettersi di ripartire da zero.<\/p>\n\n\n\n<p>La scelta di Simone Inzaghi come sostituto di Antonio Conte \u00e8 stata fatta nel segno della continuit\u00e0 tattica: il nuovo tecnico ha come modulo di riferimento il 3-5-2, lo stesso del suo predecessore, non soltanto come impostazione sul campo ma anche a livello di compiti individuali. Guardando la possibile formazione titolare \u00e8 naturale individuare negli esterni di centrocampo i primi obiettivi della campagna di rafforzamento. <\/p>\n\n\n\n<h2 class=\"wp-block-heading\"><strong>Mercato Inter, gli obiettivi in entrata<\/strong><\/h2>\n\n\n\n<p>A destra andr\u00e0 riempito il buco lasciato da Hakimi, vera arma in pi\u00f9 capace di mettere a referto 7 gol e 10 assist nella stagione 2020\/2021; a sinistra Conte si era gi\u00e0 dovuto arrangiare con Darmian, che rimasto in rosa pu\u00f2 rappresentare un jolly utile, mentre Kolarov si \u00e8 scoperto a fine corsa e Perisic resta un&#8217;ala adattata con limiti evidenti in fase di non possesso.<\/p>\n\n\n\n<p>Le voci sul mercato dell&#8217;Inter che circolano in questi giorni parlano di un forte interessamento per <strong>Nahitan Nandez<\/strong> del Cagliari, che pu\u00f2 operare sia come esterno destro atipico che come interno di centrocampo e sembra in vantaggio su <strong>Denzel Dumfries<\/strong> del PSV e <strong>H\u00e9ctor Beller\u00edn<\/strong> dell&#8217;Arsenal. L&#8217;uruguaiano \u00e8 in pole anche perch\u00e9 potrebbe arrivare con una formula (prestito pi\u00f9 riscatto) che al momento \u00e8 l&#8217;unica percorribile per le casse del club. Per lo stesso motivo interessa anche <strong>Alessandro Florenzi<\/strong>, fresco di ritorno alla Roma dopo il prestito al PSG e che potrebbe non rientrare nei piani di Jos\u00e9 Mourinho.<\/p>\n\n\n\n<p>A sinistra il nome pi\u00f9 gettonato \u00e8 quello di <strong>Alex Telles<\/strong> del Manchester United, seguito da <strong>Konstantinos Tsimikas<\/strong> del Liverpool. Ancora una volta sono i costi a frenare l&#8217;Inter, come nel caso di <strong>Nicolas Tagliafico<\/strong> dell&#8217;Ajax. Possibile che alla fine il club nerazzurro possa decidere di dare fiducia a <strong>Federico Dimarco<\/strong>, di ritorno dal positivo prestito al Verona e pronto a misurarsi con il calcio che conta. Servir\u00e0 anche un attaccante che con Sanchez possa dare il cambio a Lukaku e Lautaro Martinez: anche in questo caso la Beneamata cerca in Italia, sfogliando la margherita tra <strong>Gianluca Scamacca<\/strong> e <strong>Andrea Petagna<\/strong>. In difesa salvo sorprese tutto dovrebbe restare com&#8217;\u00e8, con Handanovic protetto da Skriniar, De Vrij e Bastoni.<\/p>\n\n\n\n<h2 class=\"wp-block-heading\"><strong>Mercato Inter, i nomi dei possibili partenti<\/strong><\/h2>\n\n\n\n<p>Come abbiamo detto il mercato dell&#8217;Inter sar\u00e0 fortemente condizionato dagli equilibri economici, motivo per cui Hakimi \u00e8 partito dopo una sola stagione e per cui il club cerca quasi esclusivamente ingressi a basso costo. Qualcosa potrebbe cambiare nel caso arrivi un&#8217;altra cessione eccellente, e guardando le <a href=\"https:\/\/www.bwin.it\/it\/sports\/calcio-4\/scommesse\/mondo-6\/calciomercato-20834\">quote sul calciomercato<\/a> i nomi principali sono due: <strong>Marcelo Brozovic<\/strong> e <strong>Lautaro Martinez<\/strong>, entrambi &#8220;titolarissimi&#8221; ma non sicuri al 100% di restare.<\/p>\n\n\n\n<p>Brozovic \u00e8 all&#8217;Inter del 2015, ha il contratto in scadenza nel 2022 e partendo permetterebbe al club di registrare una plusvalenza importante. Un suo addio entro il 3 settembre \u00e8 comunque quotato a 4,00 e dunque considerato molto improbabile, mentre la possibile cessione di Lautaro a 2,75 rende intrigante l&#8217;estate dell&#8217;argentino. In realt\u00e0 il rapporto tra il giocatore e il club \u00e8 solido e niente lascerebbe pensare a un divorzio, ma considerando la situazione economica attuale la sensazione \u00e8 che di fronte a un offerta &#8220;monstre&#8221; &#8211; dagli 80 milioni in su &#8211; la cessione diventerebbe possibile.<\/p>\n\n\n\n<p>Certo a quel punto l&#8217;Inter dovrebbe investire su una punta che si integri bene con Lukaku come l&#8217;argentino. Impresa non facile, ma i soldi incassati permetterebbero anche altri innesti in una rosa che comunque ha perso Hakimi, svincolato <strong>Ashley Young<\/strong> e <strong>Joao Mario<\/strong> e a breve potrebbe liberarsi anche degli ingaggi pesanti di <strong>Radja Nainggolan<\/strong>, vicino a un nuovo ritorno al Cagliari, e <strong>Arturo Vidal<\/strong> per il quale dopo una sola stagione in nerazzurro si parla addirittura di rescissione.<\/p>\n\n\n\n<p><em>Crediti Immagine: Getty Images<\/em><\/p>\n","protected":false},"excerpt":{"rendered":"<p>Il punto sul mercato dell&#8217;Inter in vista di una stagione dove i nerazzurri saranno chiamati a confermarsi dopo lo Scudetto vinto con Conte.<\/p>\n","protected":false},"author":165,"featured_media":333942,"comment_status":"closed","ping_status":"closed","sticky":false,"template":"","format":"standard","meta":{"_acf_changed":false,"footnotes":""},"categories":[4787,3771],"tags":[],"class_list":["post-333939","post","type-post","status-publish","format-standard","has-post-thumbnail","hentry","category-calciomercato","category-calcio","generate-columns","tablet-grid-50","mobile-grid-100","grid-parent","grid-50","no-featured-image-padding"],"acf":[],"yoast_head":"<!-- This site is optimized with the Yoast SEO plugin v24.3 - https:\/\/yoast.com\/wordpress\/plugins\/seo\/ -->\n<title>Mercato Inter: le quote, chi arriva e chi potrebbe partire | bwin<\/title>\n<meta name=\"description\" content=\"Il punto sul mercato dell&#039;Inter in vista di una stagione dove i nerazzurri saranno chiamati a confermarsi dopo lo Scudetto vinto con Conte.\" \/>\n<meta name=\"robots\" content=\"index, follow, max-snippet:-1, max-image-preview:large, max-video-preview:-1\" \/>\n<link rel=\"canonical\" href=\"https:\/\/www.bwin.it\/it\/news\/calciomercato\/mercato-inter-estate-2021\" \/>\n<meta property=\"og:locale\" content=\"it_IT\" \/>\n<meta property=\"og:type\" content=\"article\" \/>\n<meta property=\"og:title\" content=\"Mercato Inter: le quote, chi arriva e chi potrebbe partire | bwin\" \/>\n<meta property=\"og:description\" content=\"Il punto sul mercato dell&#039;Inter in vista di una stagione dove i nerazzurri saranno chiamati a confermarsi dopo lo Scudetto vinto con Conte.\" \/>\n<meta property=\"og:url\" content=\"https:\/\/sports.bwin.it\/it\/news\/calciomercato\/mercato-inter-estate-2021\" \/>\n<meta property=\"og:site_name\" content=\"bwin news\" \/>\n<meta property=\"article:published_time\" content=\"2021-07-21T15:12:48+00:00\" \/>\n<meta property=\"article:modified_time\" content=\"2021-07-21T15:19:04+00:00\" \/>\n<meta property=\"og:image\" content=\"https:\/\/newscdn.fitting-solutions.at\/it\/uploads\/2021\/07\/Mercato-Inter-scaled.jpg?strip=all&lossy=1&ssl=1\" \/>\n\t<meta property=\"og:image:width\" content=\"2560\" \/>\n\t<meta property=\"og:image:height\" content=\"1707\" \/>\n\t<meta property=\"og:image:type\" content=\"image\/jpeg\" \/>\n<meta name=\"author\" content=\"Simone Cola\" \/>\n<meta name=\"twitter:label1\" content=\"Scritto da\" \/>\n\t<meta name=\"twitter:data1\" content=\"Simone Cola\" \/>\n\t<meta name=\"twitter:label2\" content=\"Tempo di lettura stimato\" \/>\n\t<meta name=\"twitter:data2\" content=\"5 minuti\" \/>\n<script type=\"application\/ld+json\" class=\"yoast-schema-graph\">{\"@context\":\"https:\/\/schema.org\",\"@graph\":[{\"@type\":\"Article\",\"@id\":\"https:\/\/sports.bwin.it\/it\/news\/calciomercato\/mercato-inter-estate-2021#article\",\"isPartOf\":{\"@id\":\"https:\/\/sports.bwin.it\/it\/news\/calciomercato\/mercato-inter-estate-2021\"},\"author\":{\"name\":\"Simone Cola\",\"@id\":\"https:\/\/sports.bwin.it\/it\/news\/#\/schema\/person\/2cbe5d5d817801ac2f4d683c3cce8ce7\"},\"headline\":\"Mercato Inter, tra bilancio e necessit\u00e0 di confermarsi\",\"datePublished\":\"2021-07-21T15:12:48+00:00\",\"dateModified\":\"2021-07-21T15:19:04+00:00\",\"mainEntityOfPage\":{\"@id\":\"https:\/\/sports.bwin.it\/it\/news\/calciomercato\/mercato-inter-estate-2021\"},\"wordCount\":969,\"publisher\":{\"@id\":\"https:\/\/sports.bwin.it\/it\/news\/#organization\"},\"image\":{\"@id\":\"https:\/\/sports.bwin.it\/it\/news\/calciomercato\/mercato-inter-estate-2021#primaryimage\"},\"thumbnailUrl\":\"https:\/\/www.bwin.it\/it\/news\/wp-content\/uploads\/2021\/07\/Mercato-Inter-scaled.jpg\",\"articleSection\":[\"Calciomercato\",\"Calcio\"],\"inLanguage\":\"it-IT\",\"copyrightYear\":\"2021\",\"copyrightHolder\":{\"@id\":\"https:\/\/www.bwin.it\/it\/news\/#organization\"}},{\"@type\":\"WebPage\",\"@id\":\"https:\/\/sports.bwin.it\/it\/news\/calciomercato\/mercato-inter-estate-2021\",\"url\":\"https:\/\/sports.bwin.it\/it\/news\/calciomercato\/mercato-inter-estate-2021\",\"name\":\"Mercato Inter: le quote, chi arriva e chi potrebbe partire | bwin\",\"isPartOf\":{\"@id\":\"https:\/\/sports.bwin.it\/it\/news\/#website\"},\"primaryImageOfPage\":{\"@id\":\"https:\/\/sports.bwin.it\/it\/news\/calciomercato\/mercato-inter-estate-2021#primaryimage\"},\"image\":{\"@id\":\"https:\/\/sports.bwin.it\/it\/news\/calciomercato\/mercato-inter-estate-2021#primaryimage\"},\"thumbnailUrl\":\"https:\/\/www.bwin.it\/it\/news\/wp-content\/uploads\/2021\/07\/Mercato-Inter-scaled.jpg\",\"datePublished\":\"2021-07-21T15:12:48+00:00\",\"dateModified\":\"2021-07-21T15:19:04+00:00\",\"description\":\"Il punto sul mercato dell'Inter in vista di una stagione dove i nerazzurri saranno chiamati a confermarsi dopo lo Scudetto vinto con Conte.\",\"breadcrumb\":{\"@id\":\"https:\/\/sports.bwin.it\/it\/news\/calciomercato\/mercato-inter-estate-2021#breadcrumb\"},\"inLanguage\":\"it-IT\",\"potentialAction\":[{\"@type\":\"ReadAction\",\"target\":[\"https:\/\/sports.bwin.it\/it\/news\/calciomercato\/mercato-inter-estate-2021\"]}]},{\"@type\":\"ImageObject\",\"inLanguage\":\"it-IT\",\"@id\":\"https:\/\/sports.bwin.it\/it\/news\/calciomercato\/mercato-inter-estate-2021#primaryimage\",\"url\":\"https:\/\/www.bwin.it\/it\/news\/wp-content\/uploads\/2021\/07\/Mercato-Inter-scaled.jpg\",\"contentUrl\":\"https:\/\/www.bwin.it\/it\/news\/wp-content\/uploads\/2021\/07\/Mercato-Inter-scaled.jpg\",\"width\":2560,\"height\":1707,\"caption\":\"LUGANO, SWITZERLAND - JULY 17: (BILD ZEITUNG OUT) Andrea Ranocchia of FC Internazionale celebrates after scoring his decisive penalty with team mates during the Pre-Season Friendly match between Lugano FC and FC Internazionale at Stadio di Cornaredo on July 17, 2021 in Lugano, Switzerland. (Photo by Andrea Bruno Diodato\/DeFodi Images via Getty Images)\"},{\"@type\":\"BreadcrumbList\",\"@id\":\"https:\/\/sports.bwin.it\/it\/news\/calciomercato\/mercato-inter-estate-2021#breadcrumb\",\"itemListElement\":[{\"@type\":\"ListItem\",\"position\":1,\"name\":\"Home\",\"item\":\"https:\/\/sports.bwin.it\/it\/news\/\"},{\"@type\":\"ListItem\",\"position\":2,\"name\":\"Calciomercato\",\"item\":\"https:\/\/sports.bwin.it\/it\/news\/calciomercato\"},{\"@type\":\"ListItem\",\"position\":3,\"name\":\"Mercato Inter, tra bilancio e necessit\u00e0 di confermarsi\"}]},{\"@type\":\"WebSite\",\"@id\":\"https:\/\/sports.bwin.it\/it\/news\/#website\",\"url\":\"https:\/\/sports.bwin.it\/it\/news\/\",\"name\":\"bwin news\",\"description\":\"\",\"publisher\":{\"@id\":\"https:\/\/sports.bwin.it\/it\/news\/#organization\"},\"potentialAction\":[{\"@type\":\"SearchAction\",\"target\":{\"@type\":\"EntryPoint\",\"urlTemplate\":\"https:\/\/sports.bwin.it\/it\/news\/?s={search_term_string}\"},\"query-input\":{\"@type\":\"PropertyValueSpecification\",\"valueRequired\":true,\"valueName\":\"search_term_string\"}}],\"inLanguage\":\"it-IT\"},{\"@type\":\"Organization\",\"@id\":\"https:\/\/sports.bwin.it\/it\/news\/#organization\",\"name\":\"bwin news\",\"url\":\"https:\/\/sports.bwin.it\/it\/news\/\",\"logo\":{\"@type\":\"ImageObject\",\"inLanguage\":\"it-IT\",\"@id\":\"https:\/\/sports.bwin.it\/it\/news\/#\/schema\/logo\/image\/\",\"url\":\"https:\/\/www.bwin.it\/it\/news\/wp-content\/uploads\/2023\/04\/cropped-1060x400-bwin.news_.png\",\"contentUrl\":\"https:\/\/www.bwin.it\/it\/news\/wp-content\/uploads\/2023\/04\/cropped-1060x400-bwin.news_.png\",\"width\":1060,\"height\":400,\"caption\":\"bwin news\"},\"image\":{\"@id\":\"https:\/\/sports.bwin.it\/it\/news\/#\/schema\/logo\/image\/\"}},{\"@type\":\"Person\",\"@id\":\"https:\/\/sports.bwin.it\/it\/news\/#\/schema\/person\/2cbe5d5d817801ac2f4d683c3cce8ce7\",\"name\":\"Simone Cola\",\"image\":{\"@type\":\"ImageObject\",\"inLanguage\":\"it-IT\",\"@id\":\"https:\/\/sports.bwin.it\/it\/news\/#\/schema\/person\/image\/\",\"url\":\"https:\/\/secure.gravatar.com\/avatar\/06e58987ec8a613906cd1f7c01a157d6?s=96&d=mm&r=g\",\"contentUrl\":\"https:\/\/secure.gravatar.com\/avatar\/06e58987ec8a613906cd1f7c01a157d6?s=96&d=mm&r=g\",\"caption\":\"Simone Cola\"},\"description\":\"Nato a Firenze e cresciuto a Prato, da ragazzino era l\u2019ultimo a essere scelto quando si trattava di giocare una partita di calcio ma il primo a essere consultato per storie e aneddoti relativi al gioco pi\u00f9 bello del mondo. Nel tempo questa passione si \u00e8 infine rivelata un\u2019ancora di salvezza: dopo essersi barcamenato \u2013 con pessimi risultati \u2013 nei lavori pi\u00f9 disparati, dal 2012 scrive di pallone, prima sul suo blog e poi su diverse testate online. Per non farsi mancare niente, nel 2016 ha scritto, primo in Italia, la storia della nascita del football nell\u2019Inghilterra vittoriana.\",\"sameAs\":[\"http:\/\/www.uomonelpallone.it\",\"https:\/\/www.instagram.com\/uomonelpallone\/\",\"https:\/\/x.com\/UomoNelPallone\"],\"url\":\"https:\/\/www.bwin.it\/it\/news\/author\/scola\"}]}<\/script>\n<!-- \/ Yoast SEO plugin. -->","yoast_head_json":{"title":"Mercato Inter: le quote, chi arriva e chi potrebbe partire | bwin","description":"Il punto sul mercato dell'Inter in vista di una stagione dove i nerazzurri saranno chiamati a confermarsi dopo lo Scudetto vinto con Conte.","robots":{"index":"index","follow":"follow","max-snippet":"max-snippet:-1","max-image-preview":"max-image-preview:large","max-video-preview":"max-video-preview:-1"},"canonical":"https:\/\/www.bwin.it\/it\/news\/calciomercato\/mercato-inter-estate-2021","og_locale":"it_IT","og_type":"article","og_title":"Mercato Inter: le quote, chi arriva e chi potrebbe partire | bwin","og_description":"Il punto sul mercato dell'Inter in vista di una stagione dove i nerazzurri saranno chiamati a confermarsi dopo lo Scudetto vinto con Conte.","og_url":"https:\/\/sports.bwin.it\/it\/news\/calciomercato\/mercato-inter-estate-2021","og_site_name":"bwin news","article_published_time":"2021-07-21T15:12:48+00:00","article_modified_time":"2021-07-21T15:19:04+00:00","og_image":[{"width":2560,"height":1707,"url":"https:\/\/newscdn.fitting-solutions.at\/it\/uploads\/2021\/07\/Mercato-Inter-scaled.jpg?strip=all&lossy=1&ssl=1","type":"image\/jpeg"}],"author":"Simone Cola","twitter_misc":{"Scritto da":"Simone Cola","Tempo di lettura stimato":"5 minuti"},"schema":{"@context":"https:\/\/schema.org","@graph":[{"@type":"Article","@id":"https:\/\/sports.bwin.it\/it\/news\/calciomercato\/mercato-inter-estate-2021#article","isPartOf":{"@id":"https:\/\/sports.bwin.it\/it\/news\/calciomercato\/mercato-inter-estate-2021"},"author":{"name":"Simone Cola","@id":"https:\/\/sports.bwin.it\/it\/news\/#\/schema\/person\/2cbe5d5d817801ac2f4d683c3cce8ce7"},"headline":"Mercato Inter, tra bilancio e necessit\u00e0 di confermarsi","datePublished":"2021-07-21T15:12:48+00:00","dateModified":"2021-07-21T15:19:04+00:00","mainEntityOfPage":{"@id":"https:\/\/sports.bwin.it\/it\/news\/calciomercato\/mercato-inter-estate-2021"},"wordCount":969,"publisher":{"@id":"https:\/\/sports.bwin.it\/it\/news\/#organization"},"image":{"@id":"https:\/\/sports.bwin.it\/it\/news\/calciomercato\/mercato-inter-estate-2021#primaryimage"},"thumbnailUrl":"https:\/\/www.bwin.it\/it\/news\/wp-content\/uploads\/2021\/07\/Mercato-Inter-scaled.jpg","articleSection":["Calciomercato","Calcio"],"inLanguage":"it-IT","copyrightYear":"2021","copyrightHolder":{"@id":"https:\/\/www.bwin.it\/it\/news\/#organization"}},{"@type":"WebPage","@id":"https:\/\/sports.bwin.it\/it\/news\/calciomercato\/mercato-inter-estate-2021","url":"https:\/\/sports.bwin.it\/it\/news\/calciomercato\/mercato-inter-estate-2021","name":"Mercato Inter: le quote, chi arriva e chi potrebbe partire | bwin","isPartOf":{"@id":"https:\/\/sports.bwin.it\/it\/news\/#website"},"primaryImageOfPage":{"@id":"https:\/\/sports.bwin.it\/it\/news\/calciomercato\/mercato-inter-estate-2021#primaryimage"},"image":{"@id":"https:\/\/sports.bwin.it\/it\/news\/calciomercato\/mercato-inter-estate-2021#primaryimage"},"thumbnailUrl":"https:\/\/www.bwin.it\/it\/news\/wp-content\/uploads\/2021\/07\/Mercato-Inter-scaled.jpg","datePublished":"2021-07-21T15:12:48+00:00","dateModified":"2021-07-21T15:19:04+00:00","description":"Il punto sul mercato dell'Inter in vista di una stagione dove i nerazzurri saranno chiamati a confermarsi dopo lo Scudetto vinto con Conte.","breadcrumb":{"@id":"https:\/\/sports.bwin.it\/it\/news\/calciomercato\/mercato-inter-estate-2021#breadcrumb"},"inLanguage":"it-IT","potentialAction":[{"@type":"ReadAction","target":["https:\/\/sports.bwin.it\/it\/news\/calciomercato\/mercato-inter-estate-2021"]}]},{"@type":"ImageObject","inLanguage":"it-IT","@id":"https:\/\/sports.bwin.it\/it\/news\/calciomercato\/mercato-inter-estate-2021#primaryimage","url":"https:\/\/www.bwin.it\/it\/news\/wp-content\/uploads\/2021\/07\/Mercato-Inter-scaled.jpg","contentUrl":"https:\/\/www.bwin.it\/it\/news\/wp-content\/uploads\/2021\/07\/Mercato-Inter-scaled.jpg","width":2560,"height":1707,"caption":"LUGANO, SWITZERLAND - JULY 17: (BILD ZEITUNG OUT) Andrea Ranocchia of FC Internazionale celebrates after scoring his decisive penalty with team mates during the Pre-Season Friendly match between Lugano FC and FC Internazionale at Stadio di Cornaredo on July 17, 2021 in Lugano, Switzerland. (Photo by Andrea Bruno Diodato\/DeFodi Images via Getty Images)"},{"@type":"BreadcrumbList","@id":"https:\/\/sports.bwin.it\/it\/news\/calciomercato\/mercato-inter-estate-2021#breadcrumb","itemListElement":[{"@type":"ListItem","position":1,"name":"Home","item":"https:\/\/sports.bwin.it\/it\/news\/"},{"@type":"ListItem","position":2,"name":"Calciomercato","item":"https:\/\/sports.bwin.it\/it\/news\/calciomercato"},{"@type":"ListItem","position":3,"name":"Mercato Inter, tra bilancio e necessit\u00e0 di confermarsi"}]},{"@type":"WebSite","@id":"https:\/\/sports.bwin.it\/it\/news\/#website","url":"https:\/\/sports.bwin.it\/it\/news\/","name":"bwin news","description":"","publisher":{"@id":"https:\/\/sports.bwin.it\/it\/news\/#organization"},"potentialAction":[{"@type":"SearchAction","target":{"@type":"EntryPoint","urlTemplate":"https:\/\/sports.bwin.it\/it\/news\/?s={search_term_string}"},"query-input":{"@type":"PropertyValueSpecification","valueRequired":true,"valueName":"search_term_string"}}],"inLanguage":"it-IT"},{"@type":"Organization","@id":"https:\/\/sports.bwin.it\/it\/news\/#organization","name":"bwin news","url":"https:\/\/sports.bwin.it\/it\/news\/","logo":{"@type":"ImageObject","inLanguage":"it-IT","@id":"https:\/\/sports.bwin.it\/it\/news\/#\/schema\/logo\/image\/","url":"https:\/\/www.bwin.it\/it\/news\/wp-content\/uploads\/2023\/04\/cropped-1060x400-bwin.news_.png","contentUrl":"https:\/\/www.bwin.it\/it\/news\/wp-content\/uploads\/2023\/04\/cropped-1060x400-bwin.news_.png","width":1060,"height":400,"caption":"bwin news"},"image":{"@id":"https:\/\/sports.bwin.it\/it\/news\/#\/schema\/logo\/image\/"}},{"@type":"Person","@id":"https:\/\/sports.bwin.it\/it\/news\/#\/schema\/person\/2cbe5d5d817801ac2f4d683c3cce8ce7","name":"Simone Cola","image":{"@type":"ImageObject","inLanguage":"it-IT","@id":"https:\/\/sports.bwin.it\/it\/news\/#\/schema\/person\/image\/","url":"https:\/\/secure.gravatar.com\/avatar\/06e58987ec8a613906cd1f7c01a157d6?s=96&d=mm&r=g","contentUrl":"https:\/\/secure.gravatar.com\/avatar\/06e58987ec8a613906cd1f7c01a157d6?s=96&d=mm&r=g","caption":"Simone Cola"},"description":"Nato a Firenze e cresciuto a Prato, da ragazzino era l\u2019ultimo a essere scelto quando si trattava di giocare una partita di calcio ma il primo a essere consultato per storie e aneddoti relativi al gioco pi\u00f9 bello del mondo. Nel tempo questa passione si \u00e8 infine rivelata un\u2019ancora di salvezza: dopo essersi barcamenato \u2013 con pessimi risultati \u2013 nei lavori pi\u00f9 disparati, dal 2012 scrive di pallone, prima sul suo blog e poi su diverse testate online. Per non farsi mancare niente, nel 2016 ha scritto, primo in Italia, la storia della nascita del football nell\u2019Inghilterra vittoriana.","sameAs":["http:\/\/www.uomonelpallone.it","https:\/\/www.instagram.com\/uomonelpallone\/","https:\/\/x.com\/UomoNelPallone"],"url":"https:\/\/www.bwin.it\/it\/news\/author\/scola"}]}},"_links":{"self":[{"href":"https:\/\/www.bwin.it\/it\/news\/wp-json\/wp\/v2\/posts\/333939","targetHints":{"allow":["GET"]}}],"collection":[{"href":"https:\/\/www.bwin.it\/it\/news\/wp-json\/wp\/v2\/posts"}],"about":[{"href":"https:\/\/www.bwin.it\/it\/news\/wp-json\/wp\/v2\/types\/post"}],"author":[{"embeddable":true,"href":"https:\/\/www.bwin.it\/it\/news\/wp-json\/wp\/v2\/users\/165"}],"replies":[{"embeddable":true,"href":"https:\/\/www.bwin.it\/it\/news\/wp-json\/wp\/v2\/comments?post=333939"}],"version-history":[{"count":7,"href":"https:\/\/www.bwin.it\/it\/news\/wp-json\/wp\/v2\/posts\/333939\/revisions"}],"predecessor-version":[{"id":333999,"href":"https:\/\/www.bwin.it\/it\/news\/wp-json\/wp\/v2\/posts\/333939\/revisions\/333999"}],"wp:featuredmedia":[{"embeddable":true,"href":"https:\/\/www.bwin.it\/it\/news\/wp-json\/wp\/v2\/media\/333942"}],"wp:attachment":[{"href":"https:\/\/www.bwin.it\/it\/news\/wp-json\/wp\/v2\/media?parent=333939"}],"wp:term":[{"taxonomy":"category","embeddable":true,"href":"https:\/\/www.bwin.it\/it\/news\/wp-json\/wp\/v2\/categories?post=333939"},{"taxonomy":"post_tag","embeddable":true,"href":"https:\/\/www.bwin.it\/it\/news\/wp-json\/wp\/v2\/tags?post=333939"}],"curies":[{"name":"wp","href":"https:\/\/api.w.org\/{rel}","templated":true}]}}