{"id":334002,"date":"2021-07-21T18:25:15","date_gmt":"2021-07-21T16:25:15","guid":{"rendered":"https:\/\/www.bwin.it\/it\/news\/?p=334002"},"modified":"2021-07-21T18:26:05","modified_gmt":"2021-07-21T16:26:05","slug":"mercato-milan-estate-2021","status":"publish","type":"post","link":"https:\/\/www.bwin.it\/it\/news\/calciomercato\/mercato-milan-estate-2021","title":{"rendered":"Mercato Milan nel segno della continuit\u00e0, ma baster\u00e0 con la Champions ritrovata?"},"content":{"rendered":"\n<p><strong>Il mercato estivo del Milan sar\u00e0 condotto con attenzione agli equilibri economici e nel segno della continuit\u00e0, un segnale di fiducia nei confronti di un tecnico e di un gruppo che hanno permesso al Diavolo di ritrovare la Champions League dopo ben 7 anni. Basteranno poche pedine per affrontare al meglio una stagione cos\u00ec importante?<\/strong><\/p>\n\n\n\n<p>Quando \u00e8 arrivato a sedersi in panchina al posto di Marco Giampaolo, il 9 ottobre 2019, Stefano Pioli sembrava dover ricoprire il classico ruolo di traghettatore tra un progetto fallito sul nascere e un altro che avrebbe preso vita soltanto nell&#8217;estate 2020, con l&#8217;arrivo del tedesco Ralf Rangnick e una nuova rivoluzione. Il tecnico di Parma invece \u00e8 riuscito da subito a rilanciare il Diavolo, chiudendo la stagione in crescendo e guadagnandosi la conferma per una stagione 2020\/2021 che \u00e8 coincisa con il ritorno in Champions League a distanza di 7 anni dall&#8217;ultima volta. Un traguardo che ha spinto la propriet\u00e0 a operare nel segno della continuit\u00e0.<\/p>\n\n\n\n<h2 class=\"wp-block-heading\"><strong>Milan: fiducia alla vecchia guardia, ma servono rinforzi<\/strong><\/h2>\n\n\n\n<p>Il mercato del Milan nell&#8217;estate 2021 rischiava di essere condizionato dalla vicenda legata al mancato rinnovo di <strong>Gianluigi Donnarumma<\/strong>, stella della squadra arrivata in scadenza di contratto. Una questione a cui il Diavolo ha dato da subito un taglio netto, salutando seppur a malincuore il portierone &#8211; finito al PSG &#8211; e sostituendolo con <strong>Mike Maignan<\/strong>, francese come <strong>Olivier Giroud<\/strong>, bomber del Chelsea arrivato sempre a zero. Sono questi a oggi gli unici due colpi in entrata di una squadra che per il resto ha rinnovato il prestito di <strong>Brahim Diaz<\/strong>, salutato <strong>Hakan Calhanoglu<\/strong> e riscattato il centrale <strong>Fikayo Tomori<\/strong> e il regista <strong>Sandro Tonali<\/strong>. Continuit\u00e0 e coerenza, dunque, anche se la sensazione \u00e8 che serva altro per ben figurare nel palcoscenico ritrovato della Champions.<\/p>\n\n\n\n<h2 class=\"wp-block-heading\"><strong>Mercato Milan, gli obiettivi in entrata<\/strong><\/h2>\n\n\n\n<p>Serve qualcosa in pi\u00f9, ma il mercato del Milan deve fare i conti anche con gli equilibri di bilancio. Per questo Giroud \u00e8 stato scelto come alternativa al totem Ibrahimovic e per questo gli eventuali arrivi dovranno essere tutti necessariamente low-cost. Nelle <a href=\"https:\/\/www.bwin.it\/it\/sports\/calcio-4\/scommesse\/europa-7\/champions-league-0:3\">quote sulla Champions League<\/a> il Diavolo certo non parte tra i favoriti, cos\u00ec come per la corsa allo Scudetto dove la squadra di Pioli parte in quarta posizione (10,00 come il Napoli) alle spalle di Juventus, Inter e Atalanta. Sar\u00e0 per\u00f2 importante ben figurare in Europa e confermarsi in Italia, per dare continuit\u00e0 di risultati a un progetto dove finora ha funzionato tutto ma non scontato.<\/p>\n\n\n\n<p>Un obiettivo molto chiacchierato \u00e8 <strong>Josip Ilicic<\/strong>, il cui futuro all&#8217;Atalanta \u00e8 decisamente incerto guardando le <a href=\"https:\/\/www.bwin.it\/it\/sports\/calcio-4\/scommesse\/mondo-6\/calciomercato-20834\">quote sul calciomercato<\/a>: la permanenza dello sloveno a Bergamo \u00e8 data a 1,73, mentre l&#8217;addio \u00e8 quotato 1,80 e potrebbe portarlo proprio a vestire il rossonero. Si lavora comunque anche per altri colpi a basso costo: <strong>Diogo Dalot<\/strong> \u00e8 tornato al Manchester United ma presto potrebbe fare ancora una volta il percorso inverso, <strong>Ti\u00e9mou\u00e9 Bakayoko<\/strong> \u00e8 di nuovo nel mirino rossonero dopo una stagione deludente al Napoli e il l&#8217;ennesimo ritorno al Chelsea che per\u00f2 non sembra sapere che farsene.<\/p>\n\n\n\n<p>Si lavora anche per l&#8217;attacco del futuro, considerando l&#8217;et\u00e0 avanzata di Giroud e Ibrahimovic: il 19enne brasiliano <strong>Kaio Jorge<\/strong> \u00e8 pi\u00f9 di un&#8217;idea e potrebbe concretizzarsi a fine mercato o al massimo all&#8217;inizio del 2022 a parametro zero. Sulla trequarti piacciono tanti grandi nomi come <strong>Isco<\/strong>, <strong>Coutinho <\/strong>o <strong>Ziyech<\/strong>, ma in questo caso \u00e8 probabile che il Diavolo aspetter\u00e0 le ultime battute. Anche in questo caso si parlerebbe comunque di prestiti e di ingaggi onerosi e difficili da sostenere al momento, mentre per Dusan Vlasic il CSKA non intende fare sconti.<\/p>\n\n\n\n<h2 class=\"wp-block-heading\"><strong>Mercato Milan, i nomi dei possibili partenti<\/strong><\/h2>\n\n\n\n<p>I riscatti di Tomori e Tonali hanno coinvolto cifre importanti e quasi prosciugato il budget di mercato del Milan, che tuttavia potrebbe tornare operativo e completare la rosa per la stagione 2021\/2022 liberandosi di alcuni giocatori. Hanno mercato il norvegese <strong>Jens-Petter Hauge<\/strong>, che vanta estimatori in Bundesliga e non \u00e8 certo centrale nel progetto rossonero, e <strong>Tommaso Pobega<\/strong> reduce da un&#8217;ottima stagione di esordio in Serie A con lo Spezia: i due potrebbero portare in cassa circa 20 milioni che certo cambierebbero le prospettive anche in entrata.<\/p>\n\n\n\n<p>Sar\u00e0 pi\u00f9 difficile piazzare <strong>Mattia Caldara<\/strong> e<strong> Andrea Conti<\/strong>: entrambi classe 1994, entrambi arrivati dall&#8217;Atalanta con l&#8217;etichetta di giovani promesse dall&#8217;avvenire sicuro &#8211; e costati complessivamente 60 milioni di euro &#8211; i due hanno deluso sotto ogni punto di vista anche a causa di numerosi problemi fisici e oggi vengono considerati a tutti gli effetti degli esuberi e non hanno registrato alcuna offerta concreta. Anche se queste dovessero arrivare parliamo di giocatori con stipendi inarrivabili per le squadre di fascia media, che comunque opterebbero per un prestito secco. Pioli potrebbe provare a recuperarli per poi inserirli nuovamente nelle rotazioni che quest&#8217;anno saranno inevitabili visto il doppio impegno.<\/p>\n\n\n\n<p>Chiudiamo con <strong>Rafael Leao<\/strong>: il 22enne portoghese al Milan ha sempre convinto a met\u00e0, alternando ottime cose a lunghi periodi di ombra. \u00c8 costato 29 milioni di euro, e nonostante il club creda nelle sue capacit\u00e0 la stagione che sta per cominciare dovrebbe essere quella della verit\u00e0. La cessione non \u00e8 comunque un&#8217;ipotesi cos\u00ec improbabile, dato che \u00e8 quotata a 2,50: in Inghilterra qualcuno sembra stia pensando che il giocatore possa valere un investimento importante, e a quel punto difficilmente il Milan rinuncerebbe a fare cassa.<\/p>\n\n\n\n<p><em>Crediti Immagine: Getty Images<\/em><\/p>\n","protected":false},"excerpt":{"rendered":"<p>Il mercato del Milan sar\u00e0 fatto nel segno della continuit\u00e0 e senza grandi scossoni, ma servono pedine in pi\u00f9 per affrontare la Champions.<\/p>\n","protected":false},"author":165,"featured_media":334011,"comment_status":"closed","ping_status":"closed","sticky":false,"template":"","format":"standard","meta":{"_acf_changed":false,"footnotes":""},"categories":[4787,3771],"tags":[],"class_list":["post-334002","post","type-post","status-publish","format-standard","has-post-thumbnail","hentry","category-calciomercato","category-calcio","generate-columns","tablet-grid-50","mobile-grid-100","grid-parent","grid-50","no-featured-image-padding"],"acf":[],"yoast_head":"<!-- This site is optimized with the Yoast SEO plugin v24.3 - https:\/\/yoast.com\/wordpress\/plugins\/seo\/ -->\n<title>Mercato Milan: le quote, chi arriva e chi potrebbe partire | bwin<\/title>\n<meta name=\"description\" content=\"Il mercato del Milan sar\u00e0 fatto nel segno della continuit\u00e0 e senza grandi scossoni, ma servono pedine in pi\u00f9 per affrontare la Champions.\" \/>\n<meta name=\"robots\" content=\"index, follow, max-snippet:-1, max-image-preview:large, max-video-preview:-1\" \/>\n<link rel=\"canonical\" href=\"https:\/\/www.bwin.it\/it\/news\/calciomercato\/mercato-milan-estate-2021\" \/>\n<meta property=\"og:locale\" content=\"it_IT\" \/>\n<meta property=\"og:type\" content=\"article\" \/>\n<meta property=\"og:title\" content=\"Mercato Milan: le quote, chi arriva e chi potrebbe partire | bwin\" \/>\n<meta property=\"og:description\" content=\"Il mercato del Milan sar\u00e0 fatto nel segno della continuit\u00e0 e senza grandi scossoni, ma servono pedine in pi\u00f9 per affrontare la Champions.\" \/>\n<meta property=\"og:url\" content=\"https:\/\/sports.bwin.it\/it\/news\/calciomercato\/mercato-milan-estate-2021\" \/>\n<meta property=\"og:site_name\" content=\"bwin news\" \/>\n<meta property=\"article:published_time\" content=\"2021-07-21T16:25:15+00:00\" \/>\n<meta property=\"article:modified_time\" content=\"2021-07-21T16:26:05+00:00\" \/>\n<meta property=\"og:image\" content=\"https:\/\/newscdn.fitting-solutions.at\/it\/uploads\/2021\/07\/Mercato-Milan-scaled.jpg?strip=all&lossy=1&ssl=1\" \/>\n\t<meta property=\"og:image:width\" content=\"2560\" \/>\n\t<meta property=\"og:image:height\" content=\"1491\" \/>\n\t<meta property=\"og:image:type\" content=\"image\/jpeg\" \/>\n<meta name=\"author\" content=\"Simone Cola\" \/>\n<meta name=\"twitter:label1\" content=\"Scritto da\" \/>\n\t<meta name=\"twitter:data1\" content=\"Simone Cola\" \/>\n\t<meta name=\"twitter:label2\" content=\"Tempo di lettura stimato\" \/>\n\t<meta name=\"twitter:data2\" content=\"4 minuti\" \/>\n<script type=\"application\/ld+json\" class=\"yoast-schema-graph\">{\"@context\":\"https:\/\/schema.org\",\"@graph\":[{\"@type\":\"Article\",\"@id\":\"https:\/\/sports.bwin.it\/it\/news\/calciomercato\/mercato-milan-estate-2021#article\",\"isPartOf\":{\"@id\":\"https:\/\/sports.bwin.it\/it\/news\/calciomercato\/mercato-milan-estate-2021\"},\"author\":{\"name\":\"Simone Cola\",\"@id\":\"https:\/\/sports.bwin.it\/it\/news\/#\/schema\/person\/2cbe5d5d817801ac2f4d683c3cce8ce7\"},\"headline\":\"Mercato Milan nel segno della continuit\u00e0, ma baster\u00e0 con la Champions ritrovata?\",\"datePublished\":\"2021-07-21T16:25:15+00:00\",\"dateModified\":\"2021-07-21T16:26:05+00:00\",\"mainEntityOfPage\":{\"@id\":\"https:\/\/sports.bwin.it\/it\/news\/calciomercato\/mercato-milan-estate-2021\"},\"wordCount\":866,\"publisher\":{\"@id\":\"https:\/\/sports.bwin.it\/it\/news\/#organization\"},\"image\":{\"@id\":\"https:\/\/sports.bwin.it\/it\/news\/calciomercato\/mercato-milan-estate-2021#primaryimage\"},\"thumbnailUrl\":\"https:\/\/www.bwin.it\/it\/news\/wp-content\/uploads\/2021\/07\/Mercato-Milan-scaled.jpg\",\"articleSection\":[\"Calciomercato\",\"Calcio\"],\"inLanguage\":\"it-IT\",\"copyrightYear\":\"2021\",\"copyrightHolder\":{\"@id\":\"https:\/\/www.bwin.it\/it\/news\/#organization\"}},{\"@type\":\"WebPage\",\"@id\":\"https:\/\/sports.bwin.it\/it\/news\/calciomercato\/mercato-milan-estate-2021\",\"url\":\"https:\/\/sports.bwin.it\/it\/news\/calciomercato\/mercato-milan-estate-2021\",\"name\":\"Mercato Milan: le quote, chi arriva e chi potrebbe partire | bwin\",\"isPartOf\":{\"@id\":\"https:\/\/sports.bwin.it\/it\/news\/#website\"},\"primaryImageOfPage\":{\"@id\":\"https:\/\/sports.bwin.it\/it\/news\/calciomercato\/mercato-milan-estate-2021#primaryimage\"},\"image\":{\"@id\":\"https:\/\/sports.bwin.it\/it\/news\/calciomercato\/mercato-milan-estate-2021#primaryimage\"},\"thumbnailUrl\":\"https:\/\/www.bwin.it\/it\/news\/wp-content\/uploads\/2021\/07\/Mercato-Milan-scaled.jpg\",\"datePublished\":\"2021-07-21T16:25:15+00:00\",\"dateModified\":\"2021-07-21T16:26:05+00:00\",\"description\":\"Il mercato del Milan sar\u00e0 fatto nel segno della continuit\u00e0 e senza grandi scossoni, ma servono pedine in pi\u00f9 per affrontare la Champions.\",\"breadcrumb\":{\"@id\":\"https:\/\/sports.bwin.it\/it\/news\/calciomercato\/mercato-milan-estate-2021#breadcrumb\"},\"inLanguage\":\"it-IT\",\"potentialAction\":[{\"@type\":\"ReadAction\",\"target\":[\"https:\/\/sports.bwin.it\/it\/news\/calciomercato\/mercato-milan-estate-2021\"]}]},{\"@type\":\"ImageObject\",\"inLanguage\":\"it-IT\",\"@id\":\"https:\/\/sports.bwin.it\/it\/news\/calciomercato\/mercato-milan-estate-2021#primaryimage\",\"url\":\"https:\/\/www.bwin.it\/it\/news\/wp-content\/uploads\/2021\/07\/Mercato-Milan-scaled.jpg\",\"contentUrl\":\"https:\/\/www.bwin.it\/it\/news\/wp-content\/uploads\/2021\/07\/Mercato-Milan-scaled.jpg\",\"width\":2560,\"height\":1491,\"caption\":\"(From L) AC Milan's Norwegian forward Jens Petter Hauge, AC Milan's Belgian midfielder Alexis Saelemaekers, AC Milan's Portuguese defender Diogo Dalot, AC Milan's Spanish midfielder Brahim Diaz and AC Milan's Turkish midfielder Hakan Calhanoglu celebrate after AC Milan secured their qualification for the Champions League at the end of the Italian Serie A football match Atalanta Bergamo vs AC Milan on May 23, 2021 at the Atleti Azzurri d'Italia stadium in Bergamo. (Photo by Marco BERTORELLO \/ AFP) (Photo by MARCO BERTORELLO\/AFP via Getty Images)\"},{\"@type\":\"BreadcrumbList\",\"@id\":\"https:\/\/sports.bwin.it\/it\/news\/calciomercato\/mercato-milan-estate-2021#breadcrumb\",\"itemListElement\":[{\"@type\":\"ListItem\",\"position\":1,\"name\":\"Home\",\"item\":\"https:\/\/sports.bwin.it\/it\/news\/\"},{\"@type\":\"ListItem\",\"position\":2,\"name\":\"Calciomercato\",\"item\":\"https:\/\/sports.bwin.it\/it\/news\/calciomercato\"},{\"@type\":\"ListItem\",\"position\":3,\"name\":\"Mercato Milan nel segno della continuit\u00e0, ma baster\u00e0 con la Champions ritrovata?\"}]},{\"@type\":\"WebSite\",\"@id\":\"https:\/\/sports.bwin.it\/it\/news\/#website\",\"url\":\"https:\/\/sports.bwin.it\/it\/news\/\",\"name\":\"bwin news\",\"description\":\"\",\"publisher\":{\"@id\":\"https:\/\/sports.bwin.it\/it\/news\/#organization\"},\"potentialAction\":[{\"@type\":\"SearchAction\",\"target\":{\"@type\":\"EntryPoint\",\"urlTemplate\":\"https:\/\/sports.bwin.it\/it\/news\/?s={search_term_string}\"},\"query-input\":{\"@type\":\"PropertyValueSpecification\",\"valueRequired\":true,\"valueName\":\"search_term_string\"}}],\"inLanguage\":\"it-IT\"},{\"@type\":\"Organization\",\"@id\":\"https:\/\/sports.bwin.it\/it\/news\/#organization\",\"name\":\"bwin news\",\"url\":\"https:\/\/sports.bwin.it\/it\/news\/\",\"logo\":{\"@type\":\"ImageObject\",\"inLanguage\":\"it-IT\",\"@id\":\"https:\/\/sports.bwin.it\/it\/news\/#\/schema\/logo\/image\/\",\"url\":\"https:\/\/www.bwin.it\/it\/news\/wp-content\/uploads\/2023\/04\/cropped-1060x400-bwin.news_.png\",\"contentUrl\":\"https:\/\/www.bwin.it\/it\/news\/wp-content\/uploads\/2023\/04\/cropped-1060x400-bwin.news_.png\",\"width\":1060,\"height\":400,\"caption\":\"bwin news\"},\"image\":{\"@id\":\"https:\/\/sports.bwin.it\/it\/news\/#\/schema\/logo\/image\/\"}},{\"@type\":\"Person\",\"@id\":\"https:\/\/sports.bwin.it\/it\/news\/#\/schema\/person\/2cbe5d5d817801ac2f4d683c3cce8ce7\",\"name\":\"Simone Cola\",\"image\":{\"@type\":\"ImageObject\",\"inLanguage\":\"it-IT\",\"@id\":\"https:\/\/sports.bwin.it\/it\/news\/#\/schema\/person\/image\/\",\"url\":\"https:\/\/secure.gravatar.com\/avatar\/06e58987ec8a613906cd1f7c01a157d6?s=96&d=mm&r=g\",\"contentUrl\":\"https:\/\/secure.gravatar.com\/avatar\/06e58987ec8a613906cd1f7c01a157d6?s=96&d=mm&r=g\",\"caption\":\"Simone Cola\"},\"description\":\"Nato a Firenze e cresciuto a Prato, da ragazzino era l\u2019ultimo a essere scelto quando si trattava di giocare una partita di calcio ma il primo a essere consultato per storie e aneddoti relativi al gioco pi\u00f9 bello del mondo. Nel tempo questa passione si \u00e8 infine rivelata un\u2019ancora di salvezza: dopo essersi barcamenato \u2013 con pessimi risultati \u2013 nei lavori pi\u00f9 disparati, dal 2012 scrive di pallone, prima sul suo blog e poi su diverse testate online. Per non farsi mancare niente, nel 2016 ha scritto, primo in Italia, la storia della nascita del football nell\u2019Inghilterra vittoriana.\",\"sameAs\":[\"http:\/\/www.uomonelpallone.it\",\"https:\/\/www.instagram.com\/uomonelpallone\/\",\"https:\/\/x.com\/UomoNelPallone\"],\"url\":\"https:\/\/www.bwin.it\/it\/news\/author\/scola\"}]}<\/script>\n<!-- \/ Yoast SEO plugin. -->","yoast_head_json":{"title":"Mercato Milan: le quote, chi arriva e chi potrebbe partire | bwin","description":"Il mercato del Milan sar\u00e0 fatto nel segno della continuit\u00e0 e senza grandi scossoni, ma servono pedine in pi\u00f9 per affrontare la Champions.","robots":{"index":"index","follow":"follow","max-snippet":"max-snippet:-1","max-image-preview":"max-image-preview:large","max-video-preview":"max-video-preview:-1"},"canonical":"https:\/\/www.bwin.it\/it\/news\/calciomercato\/mercato-milan-estate-2021","og_locale":"it_IT","og_type":"article","og_title":"Mercato Milan: le quote, chi arriva e chi potrebbe partire | bwin","og_description":"Il mercato del Milan sar\u00e0 fatto nel segno della continuit\u00e0 e senza grandi scossoni, ma servono pedine in pi\u00f9 per affrontare la Champions.","og_url":"https:\/\/sports.bwin.it\/it\/news\/calciomercato\/mercato-milan-estate-2021","og_site_name":"bwin news","article_published_time":"2021-07-21T16:25:15+00:00","article_modified_time":"2021-07-21T16:26:05+00:00","og_image":[{"width":2560,"height":1491,"url":"https:\/\/newscdn.fitting-solutions.at\/it\/uploads\/2021\/07\/Mercato-Milan-scaled.jpg?strip=all&lossy=1&ssl=1","type":"image\/jpeg"}],"author":"Simone Cola","twitter_misc":{"Scritto da":"Simone Cola","Tempo di lettura stimato":"4 minuti"},"schema":{"@context":"https:\/\/schema.org","@graph":[{"@type":"Article","@id":"https:\/\/sports.bwin.it\/it\/news\/calciomercato\/mercato-milan-estate-2021#article","isPartOf":{"@id":"https:\/\/sports.bwin.it\/it\/news\/calciomercato\/mercato-milan-estate-2021"},"author":{"name":"Simone Cola","@id":"https:\/\/sports.bwin.it\/it\/news\/#\/schema\/person\/2cbe5d5d817801ac2f4d683c3cce8ce7"},"headline":"Mercato Milan nel segno della continuit\u00e0, ma baster\u00e0 con la Champions ritrovata?","datePublished":"2021-07-21T16:25:15+00:00","dateModified":"2021-07-21T16:26:05+00:00","mainEntityOfPage":{"@id":"https:\/\/sports.bwin.it\/it\/news\/calciomercato\/mercato-milan-estate-2021"},"wordCount":866,"publisher":{"@id":"https:\/\/sports.bwin.it\/it\/news\/#organization"},"image":{"@id":"https:\/\/sports.bwin.it\/it\/news\/calciomercato\/mercato-milan-estate-2021#primaryimage"},"thumbnailUrl":"https:\/\/www.bwin.it\/it\/news\/wp-content\/uploads\/2021\/07\/Mercato-Milan-scaled.jpg","articleSection":["Calciomercato","Calcio"],"inLanguage":"it-IT","copyrightYear":"2021","copyrightHolder":{"@id":"https:\/\/www.bwin.it\/it\/news\/#organization"}},{"@type":"WebPage","@id":"https:\/\/sports.bwin.it\/it\/news\/calciomercato\/mercato-milan-estate-2021","url":"https:\/\/sports.bwin.it\/it\/news\/calciomercato\/mercato-milan-estate-2021","name":"Mercato Milan: le quote, chi arriva e chi potrebbe partire | bwin","isPartOf":{"@id":"https:\/\/sports.bwin.it\/it\/news\/#website"},"primaryImageOfPage":{"@id":"https:\/\/sports.bwin.it\/it\/news\/calciomercato\/mercato-milan-estate-2021#primaryimage"},"image":{"@id":"https:\/\/sports.bwin.it\/it\/news\/calciomercato\/mercato-milan-estate-2021#primaryimage"},"thumbnailUrl":"https:\/\/www.bwin.it\/it\/news\/wp-content\/uploads\/2021\/07\/Mercato-Milan-scaled.jpg","datePublished":"2021-07-21T16:25:15+00:00","dateModified":"2021-07-21T16:26:05+00:00","description":"Il mercato del Milan sar\u00e0 fatto nel segno della continuit\u00e0 e senza grandi scossoni, ma servono pedine in pi\u00f9 per affrontare la Champions.","breadcrumb":{"@id":"https:\/\/sports.bwin.it\/it\/news\/calciomercato\/mercato-milan-estate-2021#breadcrumb"},"inLanguage":"it-IT","potentialAction":[{"@type":"ReadAction","target":["https:\/\/sports.bwin.it\/it\/news\/calciomercato\/mercato-milan-estate-2021"]}]},{"@type":"ImageObject","inLanguage":"it-IT","@id":"https:\/\/sports.bwin.it\/it\/news\/calciomercato\/mercato-milan-estate-2021#primaryimage","url":"https:\/\/www.bwin.it\/it\/news\/wp-content\/uploads\/2021\/07\/Mercato-Milan-scaled.jpg","contentUrl":"https:\/\/www.bwin.it\/it\/news\/wp-content\/uploads\/2021\/07\/Mercato-Milan-scaled.jpg","width":2560,"height":1491,"caption":"(From L) AC Milan's Norwegian forward Jens Petter Hauge, AC Milan's Belgian midfielder Alexis Saelemaekers, AC Milan's Portuguese defender Diogo Dalot, AC Milan's Spanish midfielder Brahim Diaz and AC Milan's Turkish midfielder Hakan Calhanoglu celebrate after AC Milan secured their qualification for the Champions League at the end of the Italian Serie A football match Atalanta Bergamo vs AC Milan on May 23, 2021 at the Atleti Azzurri d'Italia stadium in Bergamo. (Photo by Marco BERTORELLO \/ AFP) (Photo by MARCO BERTORELLO\/AFP via Getty Images)"},{"@type":"BreadcrumbList","@id":"https:\/\/sports.bwin.it\/it\/news\/calciomercato\/mercato-milan-estate-2021#breadcrumb","itemListElement":[{"@type":"ListItem","position":1,"name":"Home","item":"https:\/\/sports.bwin.it\/it\/news\/"},{"@type":"ListItem","position":2,"name":"Calciomercato","item":"https:\/\/sports.bwin.it\/it\/news\/calciomercato"},{"@type":"ListItem","position":3,"name":"Mercato Milan nel segno della continuit\u00e0, ma baster\u00e0 con la Champions ritrovata?"}]},{"@type":"WebSite","@id":"https:\/\/sports.bwin.it\/it\/news\/#website","url":"https:\/\/sports.bwin.it\/it\/news\/","name":"bwin news","description":"","publisher":{"@id":"https:\/\/sports.bwin.it\/it\/news\/#organization"},"potentialAction":[{"@type":"SearchAction","target":{"@type":"EntryPoint","urlTemplate":"https:\/\/sports.bwin.it\/it\/news\/?s={search_term_string}"},"query-input":{"@type":"PropertyValueSpecification","valueRequired":true,"valueName":"search_term_string"}}],"inLanguage":"it-IT"},{"@type":"Organization","@id":"https:\/\/sports.bwin.it\/it\/news\/#organization","name":"bwin news","url":"https:\/\/sports.bwin.it\/it\/news\/","logo":{"@type":"ImageObject","inLanguage":"it-IT","@id":"https:\/\/sports.bwin.it\/it\/news\/#\/schema\/logo\/image\/","url":"https:\/\/www.bwin.it\/it\/news\/wp-content\/uploads\/2023\/04\/cropped-1060x400-bwin.news_.png","contentUrl":"https:\/\/www.bwin.it\/it\/news\/wp-content\/uploads\/2023\/04\/cropped-1060x400-bwin.news_.png","width":1060,"height":400,"caption":"bwin news"},"image":{"@id":"https:\/\/sports.bwin.it\/it\/news\/#\/schema\/logo\/image\/"}},{"@type":"Person","@id":"https:\/\/sports.bwin.it\/it\/news\/#\/schema\/person\/2cbe5d5d817801ac2f4d683c3cce8ce7","name":"Simone Cola","image":{"@type":"ImageObject","inLanguage":"it-IT","@id":"https:\/\/sports.bwin.it\/it\/news\/#\/schema\/person\/image\/","url":"https:\/\/secure.gravatar.com\/avatar\/06e58987ec8a613906cd1f7c01a157d6?s=96&d=mm&r=g","contentUrl":"https:\/\/secure.gravatar.com\/avatar\/06e58987ec8a613906cd1f7c01a157d6?s=96&d=mm&r=g","caption":"Simone Cola"},"description":"Nato a Firenze e cresciuto a Prato, da ragazzino era l\u2019ultimo a essere scelto quando si trattava di giocare una partita di calcio ma il primo a essere consultato per storie e aneddoti relativi al gioco pi\u00f9 bello del mondo. Nel tempo questa passione si \u00e8 infine rivelata un\u2019ancora di salvezza: dopo essersi barcamenato \u2013 con pessimi risultati \u2013 nei lavori pi\u00f9 disparati, dal 2012 scrive di pallone, prima sul suo blog e poi su diverse testate online. Per non farsi mancare niente, nel 2016 ha scritto, primo in Italia, la storia della nascita del football nell\u2019Inghilterra vittoriana.","sameAs":["http:\/\/www.uomonelpallone.it","https:\/\/www.instagram.com\/uomonelpallone\/","https:\/\/x.com\/UomoNelPallone"],"url":"https:\/\/www.bwin.it\/it\/news\/author\/scola"}]}},"_links":{"self":[{"href":"https:\/\/www.bwin.it\/it\/news\/wp-json\/wp\/v2\/posts\/334002","targetHints":{"allow":["GET"]}}],"collection":[{"href":"https:\/\/www.bwin.it\/it\/news\/wp-json\/wp\/v2\/posts"}],"about":[{"href":"https:\/\/www.bwin.it\/it\/news\/wp-json\/wp\/v2\/types\/post"}],"author":[{"embeddable":true,"href":"https:\/\/www.bwin.it\/it\/news\/wp-json\/wp\/v2\/users\/165"}],"replies":[{"embeddable":true,"href":"https:\/\/www.bwin.it\/it\/news\/wp-json\/wp\/v2\/comments?post=334002"}],"version-history":[{"count":2,"href":"https:\/\/www.bwin.it\/it\/news\/wp-json\/wp\/v2\/posts\/334002\/revisions"}],"predecessor-version":[{"id":334029,"href":"https:\/\/www.bwin.it\/it\/news\/wp-json\/wp\/v2\/posts\/334002\/revisions\/334029"}],"wp:featuredmedia":[{"embeddable":true,"href":"https:\/\/www.bwin.it\/it\/news\/wp-json\/wp\/v2\/media\/334011"}],"wp:attachment":[{"href":"https:\/\/www.bwin.it\/it\/news\/wp-json\/wp\/v2\/media?parent=334002"}],"wp:term":[{"taxonomy":"category","embeddable":true,"href":"https:\/\/www.bwin.it\/it\/news\/wp-json\/wp\/v2\/categories?post=334002"},{"taxonomy":"post_tag","embeddable":true,"href":"https:\/\/www.bwin.it\/it\/news\/wp-json\/wp\/v2\/tags?post=334002"}],"curies":[{"name":"wp","href":"https:\/\/api.w.org\/{rel}","templated":true}]}}