{"id":452481,"date":"2023-02-27T00:40:00","date_gmt":"2023-02-26T23:40:00","guid":{"rendered":"https:\/\/www.bwin.it\/it\/news\/?p=452481"},"modified":"2023-03-01T01:27:49","modified_gmt":"2023-03-01T00:27:49","slug":"milan-rientri-maignan-ibrahimovic","status":"publish","type":"post","link":"https:\/\/www.bwin.it\/it\/news\/calcio\/milan-rientri-maignan-ibrahimovic","title":{"rendered":"<strong>Milan-Atalanta: ritorno in campo per Maignan e Ibrahimovic<\/strong>"},"content":{"rendered":"\n<p><strong>Il big match della domenica sera tra Milan e Atalanta \u00e8 terminato 2 a 0 in favore dei rossoneri. Tra l\u2019undici rossonero tornano due grandi assenti fino ad ora: il portiere Mike Maignan riprende il suo posto tra i pali e riassaggia il campo anche Zlatan Ibrahimovic dopo oltre 200 giorni di assenza.<\/strong><\/p>\n\n\n\n<p>Lo stadio San Siro di Milano \u00e8 gremito come per ogni grande occasione: il big match della domenica sera \u00e8 quello tra Milan e Atalanta, gara cruciale soprattutto per i rossoneri di Stefano Pioli. Con la vittoria per 2 a 0 dei Diavoli (autorete di Juan Musso e gol di Junior Messias), Giroud e compagni hanno agganciato l\u2019Inter in seconda posizione, complice il passo falso odierno dei nerazzurri contro il Bologna ( 1 a 0 per gli emiliani, rete decisiva di Orsolini nel corso della ripresa).<\/p>\n\n\n\n<p>Si tratta della vittoria consecutiva numero 4 per i rossoneri, un traguardo non da poco considerato il pessimo inizio del 2023 per la compagine guidata da Pioli. Le buone notizie per\u00f2 non finiscono qui perch\u00e9 \u00e8 proprio in occasione della sfida contro i bergamaschi che il tecnico rossonero ha potuto abbracciare due pilastri della squadra milanese, rimasti fuori per svariati mesi fino ad ora: Maignan e Ibrahimovic. Il portiere \u00e8 rientrato regolarmente titolare dopo un\u2019assenza durata 5 mesi: autore di una buona prova ma al cospetto di un\u2019Atalanta decisamente al di sotto dei suoi standard. Nei primi quarantacinque minuti di gioco infatti, la compagine guidata da Gian Piero Gasperini non \u00e8 mai riuscita a tirare in porta, un dato che stabilisce un record in negativo per i nerazzurri.&nbsp;<\/p>\n\n\n\n<p>Il secondo ritorno in campo, avvenuto nel secondo tempo, \u00e8 quello di Ibrahimovic. L\u2019attaccante svedese ha sostituito Olivier Giroud al 29esimo della ripresa e ha ritoccato il terreno di gioco dopo oltre 200 giorni di assenza. Al termine del match, a bordo campo ha rilasciato le prime dichiarazioni: \u201c<em>Quando sto bene sono il pi\u00f9 forte di tutti, e non scherzo. Ho sofferto tanto. \u00c8 un anno e due mesi che non mi sentivo come mi sento oggi. Ma non sono qui per giocare 5 minuti, voglio giocare tutta la partita<\/em>\u201d. Affermazioni che non lasciano spazio a troppi dubbi e sembrano smentire i rumors che invece vedevano l\u2019attaccante svedese decidere di appendere gli scarpini al chiodo e abbandonare il calcio giocato. Al momento un ritiro non sembra essere nella testa di Ibrahimovic, che scendendo in campo questa sera ha sancito il nuovo record, divenendo il giocatore pi\u00f9 anziano (eccezion fatta per i portieri) a scendere in campo nell\u2019era dei tre punti: 41 anni e 146 giorni.<\/p>\n\n\n\n<p>A margine della sfida c\u2019\u00e8 per\u00f2 una nota negativa da segnalare, o cos\u00ec sembra stando alle prime interpretazioni della stampa e riguarda il rinnovo di Rafael Leao. Il contratto dell\u2019attaccante portoghese \u00e8 in scadenza nel giugno 2024 e da prima del Mondiale circolavano voci riguardo un possibile rinnovo al rialzo per il giovane atleta. A precisa domanda, Leao ha preferito non rispondere direttamente: \u201c<em>Sto bene qui a Milano, sto parlando con le persone che devono parlare. Io non posso parlare adesso. Vediamo cosa succede a fine stagione. La cosa pi\u00f9 importante ora \u00e8 la partita.<\/em>\u201d<\/p>\n\n\n\n<p>Crediti immagine: Getty Images<\/p>\n","protected":false},"excerpt":{"rendered":"<p>Il big match della domenica sera tra Milan e Atalanta \u00e8 terminato 2 a 0 in favore dei rossoneri. Tra l\u2019undici rossonero tornano due grandi assenti fino ad ora: il portiere Mike Maignan riprende il suo posto tra i pali e riassaggia il campo anche Zlatan Ibrahimovic dopo oltre 200 &#8230; <a title=\"Milan-Atalanta: ritorno in campo per Maignan e Ibrahimovic\" class=\"read-more\" href=\"https:\/\/www.bwin.it\/it\/news\/calcio\/milan-rientri-maignan-ibrahimovic\" aria-label=\"Per saperne di pi\u00f9 su Milan-Atalanta: ritorno in campo per Maignan e Ibrahimovic\">Leggi tutto<\/a><\/p>\n","protected":false},"author":219,"featured_media":0,"comment_status":"closed","ping_status":"closed","sticky":false,"template":"","format":"standard","meta":{"_acf_changed":false,"footnotes":""},"categories":[3771],"tags":[],"class_list":["post-452481","post","type-post","status-publish","format-standard","has-post-thumbnail","hentry","category-calcio","generate-columns","tablet-grid-50","mobile-grid-100","grid-parent","grid-50","no-featured-image-padding"],"acf":[],"yoast_head":"<!-- This site is optimized with the Yoast SEO plugin v24.3 - https:\/\/yoast.com\/wordpress\/plugins\/seo\/ -->\n<title>Milan-Atalanta: rientrano Maignan e Ibrahimovic<\/title>\n<meta name=\"description\" content=\"Il Milan si \u00e8 imposto per 2 a 0 contro l&#039;Atalanta e tra i rossoneri sono tornati in campo Maignan e Ibrahimovic.\" \/>\n<meta name=\"robots\" content=\"index, follow, max-snippet:-1, max-image-preview:large, max-video-preview:-1\" \/>\n<link rel=\"canonical\" href=\"https:\/\/www.bwin.it\/it\/news\/calcio\/milan-rientri-maignan-ibrahimovic\" \/>\n<meta property=\"og:locale\" content=\"it_IT\" \/>\n<meta property=\"og:type\" content=\"article\" \/>\n<meta property=\"og:title\" content=\"Milan-Atalanta: rientrano Maignan e Ibrahimovic\" \/>\n<meta property=\"og:description\" content=\"Il Milan si \u00e8 imposto per 2 a 0 contro l&#039;Atalanta e tra i rossoneri sono tornati in campo Maignan e Ibrahimovic.\" \/>\n<meta property=\"og:url\" content=\"https:\/\/sports.bwin.it\/it\/news\/calcio\/milan-rientri-maignan-ibrahimovic\" \/>\n<meta property=\"og:site_name\" content=\"bwin news\" \/>\n<meta property=\"article:published_time\" content=\"2023-02-26T23:40:00+00:00\" \/>\n<meta property=\"article:modified_time\" content=\"2023-03-01T00:27:49+00:00\" \/>\n<meta name=\"author\" content=\"Sara Ghisoni\" \/>\n<meta name=\"twitter:label1\" content=\"Scritto da\" \/>\n\t<meta name=\"twitter:data1\" content=\"Sara Ghisoni\" \/>\n\t<meta name=\"twitter:label2\" content=\"Tempo di lettura stimato\" \/>\n\t<meta name=\"twitter:data2\" content=\"3 minuti\" \/>\n<script type=\"application\/ld+json\" class=\"yoast-schema-graph\">{\"@context\":\"https:\/\/schema.org\",\"@graph\":[{\"@type\":\"Article\",\"@id\":\"https:\/\/sports.bwin.it\/it\/news\/calcio\/milan-rientri-maignan-ibrahimovic#article\",\"isPartOf\":{\"@id\":\"https:\/\/sports.bwin.it\/it\/news\/calcio\/milan-rientri-maignan-ibrahimovic\"},\"author\":{\"name\":\"Sara Ghisoni\",\"@id\":\"https:\/\/sports.bwin.it\/it\/news\/#\/schema\/person\/659c5c93519080f5b54c72d69359f4f0\"},\"headline\":\"Milan-Atalanta: ritorno in campo per Maignan e Ibrahimovic\",\"datePublished\":\"2023-02-26T23:40:00+00:00\",\"dateModified\":\"2023-03-01T00:27:49+00:00\",\"mainEntityOfPage\":{\"@id\":\"https:\/\/sports.bwin.it\/it\/news\/calcio\/milan-rientri-maignan-ibrahimovic\"},\"wordCount\":522,\"publisher\":{\"@id\":\"https:\/\/sports.bwin.it\/it\/news\/#organization\"},\"articleSection\":[\"Calcio\"],\"inLanguage\":\"it-IT\",\"copyrightYear\":\"2023\",\"copyrightHolder\":{\"@id\":\"https:\/\/www.bwin.it\/it\/news\/#organization\"}},{\"@type\":\"WebPage\",\"@id\":\"https:\/\/sports.bwin.it\/it\/news\/calcio\/milan-rientri-maignan-ibrahimovic\",\"url\":\"https:\/\/sports.bwin.it\/it\/news\/calcio\/milan-rientri-maignan-ibrahimovic\",\"name\":\"Milan-Atalanta: rientrano Maignan e Ibrahimovic\",\"isPartOf\":{\"@id\":\"https:\/\/sports.bwin.it\/it\/news\/#website\"},\"datePublished\":\"2023-02-26T23:40:00+00:00\",\"dateModified\":\"2023-03-01T00:27:49+00:00\",\"description\":\"Il Milan si \u00e8 imposto per 2 a 0 contro l'Atalanta e tra i rossoneri sono tornati in campo Maignan e Ibrahimovic.\",\"breadcrumb\":{\"@id\":\"https:\/\/sports.bwin.it\/it\/news\/calcio\/milan-rientri-maignan-ibrahimovic#breadcrumb\"},\"inLanguage\":\"it-IT\",\"potentialAction\":[{\"@type\":\"ReadAction\",\"target\":[\"https:\/\/sports.bwin.it\/it\/news\/calcio\/milan-rientri-maignan-ibrahimovic\"]}]},{\"@type\":\"BreadcrumbList\",\"@id\":\"https:\/\/sports.bwin.it\/it\/news\/calcio\/milan-rientri-maignan-ibrahimovic#breadcrumb\",\"itemListElement\":[{\"@type\":\"ListItem\",\"position\":1,\"name\":\"Home\",\"item\":\"https:\/\/sports.bwin.it\/it\/news\/\"},{\"@type\":\"ListItem\",\"position\":2,\"name\":\"Calcio\",\"item\":\"https:\/\/sports.bwin.it\/it\/news\/calcio\"},{\"@type\":\"ListItem\",\"position\":3,\"name\":\"Milan-Atalanta: ritorno in campo per Maignan e Ibrahimovic\"}]},{\"@type\":\"WebSite\",\"@id\":\"https:\/\/sports.bwin.it\/it\/news\/#website\",\"url\":\"https:\/\/sports.bwin.it\/it\/news\/\",\"name\":\"bwin news\",\"description\":\"\",\"publisher\":{\"@id\":\"https:\/\/sports.bwin.it\/it\/news\/#organization\"},\"potentialAction\":[{\"@type\":\"SearchAction\",\"target\":{\"@type\":\"EntryPoint\",\"urlTemplate\":\"https:\/\/sports.bwin.it\/it\/news\/?s={search_term_string}\"},\"query-input\":{\"@type\":\"PropertyValueSpecification\",\"valueRequired\":true,\"valueName\":\"search_term_string\"}}],\"inLanguage\":\"it-IT\"},{\"@type\":\"Organization\",\"@id\":\"https:\/\/sports.bwin.it\/it\/news\/#organization\",\"name\":\"bwin news\",\"url\":\"https:\/\/sports.bwin.it\/it\/news\/\",\"logo\":{\"@type\":\"ImageObject\",\"inLanguage\":\"it-IT\",\"@id\":\"https:\/\/sports.bwin.it\/it\/news\/#\/schema\/logo\/image\/\",\"url\":\"https:\/\/www.bwin.it\/it\/news\/wp-content\/uploads\/2023\/04\/cropped-1060x400-bwin.news_.png\",\"contentUrl\":\"https:\/\/www.bwin.it\/it\/news\/wp-content\/uploads\/2023\/04\/cropped-1060x400-bwin.news_.png\",\"width\":1060,\"height\":400,\"caption\":\"bwin news\"},\"image\":{\"@id\":\"https:\/\/sports.bwin.it\/it\/news\/#\/schema\/logo\/image\/\"}},{\"@type\":\"Person\",\"@id\":\"https:\/\/sports.bwin.it\/it\/news\/#\/schema\/person\/659c5c93519080f5b54c72d69359f4f0\",\"name\":\"Sara Ghisoni\",\"image\":{\"@type\":\"ImageObject\",\"inLanguage\":\"it-IT\",\"@id\":\"https:\/\/sports.bwin.it\/it\/news\/#\/schema\/person\/image\/\",\"url\":\"https:\/\/secure.gravatar.com\/avatar\/eb9352d88496ee36cb4ff657aba15e84?s=96&d=mm&r=g\",\"contentUrl\":\"https:\/\/secure.gravatar.com\/avatar\/eb9352d88496ee36cb4ff657aba15e84?s=96&d=mm&r=g\",\"caption\":\"Sara Ghisoni\"},\"description\":\"Classe 1995, nata e cresciuta in provincia di Piacenza, si \u00e8 laureata in Scienze Storiche presso l\u2019Universit\u00e0 degli studi Milano dopo un\u2019esperienza di studio all\u2019estero. Ha lasciato il cuore a Parigi ma ora vive e lavora a Milano. Appassionata da sempre del mondo del pallone, ha iniziato a scrivere per diletto riuscendo poi a trasformare la passione in una professione. In ambito sportivo si \u00e8 occupata prima di calcio femminile e poi di tornei maschili. Ha collaborato con varie testate locali e nazionali.\",\"url\":\"https:\/\/www.bwin.it\/it\/news\/author\/s-ghisoni\"}]}<\/script>\n<!-- \/ Yoast SEO plugin. -->","yoast_head_json":{"title":"Milan-Atalanta: rientrano Maignan e Ibrahimovic","description":"Il Milan si \u00e8 imposto per 2 a 0 contro l'Atalanta e tra i rossoneri sono tornati in campo Maignan e Ibrahimovic.","robots":{"index":"index","follow":"follow","max-snippet":"max-snippet:-1","max-image-preview":"max-image-preview:large","max-video-preview":"max-video-preview:-1"},"canonical":"https:\/\/www.bwin.it\/it\/news\/calcio\/milan-rientri-maignan-ibrahimovic","og_locale":"it_IT","og_type":"article","og_title":"Milan-Atalanta: rientrano Maignan e Ibrahimovic","og_description":"Il Milan si \u00e8 imposto per 2 a 0 contro l'Atalanta e tra i rossoneri sono tornati in campo Maignan e Ibrahimovic.","og_url":"https:\/\/sports.bwin.it\/it\/news\/calcio\/milan-rientri-maignan-ibrahimovic","og_site_name":"bwin news","article_published_time":"2023-02-26T23:40:00+00:00","article_modified_time":"2023-03-01T00:27:49+00:00","author":"Sara Ghisoni","twitter_misc":{"Scritto da":"Sara Ghisoni","Tempo di lettura stimato":"3 minuti"},"schema":{"@context":"https:\/\/schema.org","@graph":[{"@type":"Article","@id":"https:\/\/sports.bwin.it\/it\/news\/calcio\/milan-rientri-maignan-ibrahimovic#article","isPartOf":{"@id":"https:\/\/sports.bwin.it\/it\/news\/calcio\/milan-rientri-maignan-ibrahimovic"},"author":{"name":"Sara Ghisoni","@id":"https:\/\/sports.bwin.it\/it\/news\/#\/schema\/person\/659c5c93519080f5b54c72d69359f4f0"},"headline":"Milan-Atalanta: ritorno in campo per Maignan e Ibrahimovic","datePublished":"2023-02-26T23:40:00+00:00","dateModified":"2023-03-01T00:27:49+00:00","mainEntityOfPage":{"@id":"https:\/\/sports.bwin.it\/it\/news\/calcio\/milan-rientri-maignan-ibrahimovic"},"wordCount":522,"publisher":{"@id":"https:\/\/sports.bwin.it\/it\/news\/#organization"},"articleSection":["Calcio"],"inLanguage":"it-IT","copyrightYear":"2023","copyrightHolder":{"@id":"https:\/\/www.bwin.it\/it\/news\/#organization"}},{"@type":"WebPage","@id":"https:\/\/sports.bwin.it\/it\/news\/calcio\/milan-rientri-maignan-ibrahimovic","url":"https:\/\/sports.bwin.it\/it\/news\/calcio\/milan-rientri-maignan-ibrahimovic","name":"Milan-Atalanta: rientrano Maignan e Ibrahimovic","isPartOf":{"@id":"https:\/\/sports.bwin.it\/it\/news\/#website"},"datePublished":"2023-02-26T23:40:00+00:00","dateModified":"2023-03-01T00:27:49+00:00","description":"Il Milan si \u00e8 imposto per 2 a 0 contro l'Atalanta e tra i rossoneri sono tornati in campo Maignan e Ibrahimovic.","breadcrumb":{"@id":"https:\/\/sports.bwin.it\/it\/news\/calcio\/milan-rientri-maignan-ibrahimovic#breadcrumb"},"inLanguage":"it-IT","potentialAction":[{"@type":"ReadAction","target":["https:\/\/sports.bwin.it\/it\/news\/calcio\/milan-rientri-maignan-ibrahimovic"]}]},{"@type":"BreadcrumbList","@id":"https:\/\/sports.bwin.it\/it\/news\/calcio\/milan-rientri-maignan-ibrahimovic#breadcrumb","itemListElement":[{"@type":"ListItem","position":1,"name":"Home","item":"https:\/\/sports.bwin.it\/it\/news\/"},{"@type":"ListItem","position":2,"name":"Calcio","item":"https:\/\/sports.bwin.it\/it\/news\/calcio"},{"@type":"ListItem","position":3,"name":"Milan-Atalanta: ritorno in campo per Maignan e Ibrahimovic"}]},{"@type":"WebSite","@id":"https:\/\/sports.bwin.it\/it\/news\/#website","url":"https:\/\/sports.bwin.it\/it\/news\/","name":"bwin news","description":"","publisher":{"@id":"https:\/\/sports.bwin.it\/it\/news\/#organization"},"potentialAction":[{"@type":"SearchAction","target":{"@type":"EntryPoint","urlTemplate":"https:\/\/sports.bwin.it\/it\/news\/?s={search_term_string}"},"query-input":{"@type":"PropertyValueSpecification","valueRequired":true,"valueName":"search_term_string"}}],"inLanguage":"it-IT"},{"@type":"Organization","@id":"https:\/\/sports.bwin.it\/it\/news\/#organization","name":"bwin news","url":"https:\/\/sports.bwin.it\/it\/news\/","logo":{"@type":"ImageObject","inLanguage":"it-IT","@id":"https:\/\/sports.bwin.it\/it\/news\/#\/schema\/logo\/image\/","url":"https:\/\/www.bwin.it\/it\/news\/wp-content\/uploads\/2023\/04\/cropped-1060x400-bwin.news_.png","contentUrl":"https:\/\/www.bwin.it\/it\/news\/wp-content\/uploads\/2023\/04\/cropped-1060x400-bwin.news_.png","width":1060,"height":400,"caption":"bwin news"},"image":{"@id":"https:\/\/sports.bwin.it\/it\/news\/#\/schema\/logo\/image\/"}},{"@type":"Person","@id":"https:\/\/sports.bwin.it\/it\/news\/#\/schema\/person\/659c5c93519080f5b54c72d69359f4f0","name":"Sara Ghisoni","image":{"@type":"ImageObject","inLanguage":"it-IT","@id":"https:\/\/sports.bwin.it\/it\/news\/#\/schema\/person\/image\/","url":"https:\/\/secure.gravatar.com\/avatar\/eb9352d88496ee36cb4ff657aba15e84?s=96&d=mm&r=g","contentUrl":"https:\/\/secure.gravatar.com\/avatar\/eb9352d88496ee36cb4ff657aba15e84?s=96&d=mm&r=g","caption":"Sara Ghisoni"},"description":"Classe 1995, nata e cresciuta in provincia di Piacenza, si \u00e8 laureata in Scienze Storiche presso l\u2019Universit\u00e0 degli studi Milano dopo un\u2019esperienza di studio all\u2019estero. Ha lasciato il cuore a Parigi ma ora vive e lavora a Milano. Appassionata da sempre del mondo del pallone, ha iniziato a scrivere per diletto riuscendo poi a trasformare la passione in una professione. In ambito sportivo si \u00e8 occupata prima di calcio femminile e poi di tornei maschili. Ha collaborato con varie testate locali e nazionali.","url":"https:\/\/www.bwin.it\/it\/news\/author\/s-ghisoni"}]}},"_links":{"self":[{"href":"https:\/\/www.bwin.it\/it\/news\/wp-json\/wp\/v2\/posts\/452481","targetHints":{"allow":["GET"]}}],"collection":[{"href":"https:\/\/www.bwin.it\/it\/news\/wp-json\/wp\/v2\/posts"}],"about":[{"href":"https:\/\/www.bwin.it\/it\/news\/wp-json\/wp\/v2\/types\/post"}],"author":[{"embeddable":true,"href":"https:\/\/www.bwin.it\/it\/news\/wp-json\/wp\/v2\/users\/219"}],"replies":[{"embeddable":true,"href":"https:\/\/www.bwin.it\/it\/news\/wp-json\/wp\/v2\/comments?post=452481"}],"version-history":[{"count":5,"href":"https:\/\/www.bwin.it\/it\/news\/wp-json\/wp\/v2\/posts\/452481\/revisions"}],"predecessor-version":[{"id":453141,"href":"https:\/\/www.bwin.it\/it\/news\/wp-json\/wp\/v2\/posts\/452481\/revisions\/453141"}],"wp:attachment":[{"href":"https:\/\/www.bwin.it\/it\/news\/wp-json\/wp\/v2\/media?parent=452481"}],"wp:term":[{"taxonomy":"category","embeddable":true,"href":"https:\/\/www.bwin.it\/it\/news\/wp-json\/wp\/v2\/categories?post=452481"},{"taxonomy":"post_tag","embeddable":true,"href":"https:\/\/www.bwin.it\/it\/news\/wp-json\/wp\/v2\/tags?post=452481"}],"curies":[{"name":"wp","href":"https:\/\/api.w.org\/{rel}","templated":true}]}}