{"id":564665,"date":"2025-02-05T12:52:53","date_gmt":"2025-02-05T11:52:53","guid":{"rendered":"https:\/\/www.bwin.it\/it\/news\/?p=564665"},"modified":"2025-02-14T17:46:56","modified_gmt":"2025-02-14T16:46:56","slug":"ritiro-fedez-ipotesi","status":"publish","type":"post","link":"https:\/\/www.bwin.it\/it\/news\/sanremo-2025\/ritiro-fedez-ipotesi","title":{"rendered":"Sanremo 2025, rumors sul ritiro di Fedez: l\u2019entourage smentisce"},"content":{"rendered":"<p><strong>Manca ormai meno di una settimana all\u2019inizio della kermesse canora pi\u00f9 importante in Italia: dopo il ritiro di Emis Killa (e la mancata sostituzione), impazzano le voci anche riguardo al rapper, tornato al centro del gossip. Al momento per\u00f2 filtrano solo smentite.<\/strong><\/p>\n<p>Inizia ufficialmente il conto alla rovescia per la nuova edizione di Sanremo, la <strong>75esima edizione della kermesse<\/strong> canora pi\u00f9 importante nel panorama italiano. I cantanti in gara sarebbero dovuti essere 30, ma la prima defezione \u00e8 gi\u00e0 arrivata qualche giorno fa con il forfait di Emis Killa. Ad oggi per\u00f2 le voci si fanno sempre pi\u00f9 intense anche riguardo un altro big presente in gara, <strong>Fedez<\/strong>. Il rapper \u00e8 infatti tornato al centro del gossip a causa di alcune<strong> rivelazioni fatte da Fabrizio Corona<\/strong> riguardo la sua vita privata. Tutti elementi che potrebbero avere serie ripercussioni sulle sue esibizioni al teatro Ariston, di certo non celebre per il calore in grado di dimostrare.<\/p>\n<h2>L\u2019indiscrezione<\/h2>\n<p><span style=\"font-weight: 400;\">L\u2019indiscrezione \u00e8 stata lanciata da Gabriele Parpiglia: si parla di un\u2019<\/span><b>ipotesi di ritiro a gara in corsa<\/b><span style=\"font-weight: 400;\">. Nello specifico, secondo i rumors di queste ore, si potrebbe verificare questa eventualit\u00e0 nel caso in cui Fedez sia vittima di contestazioni da pubblico e giornalisti in sala stampa, con la conseguenza di finire nelle parti basse della classifica. Va per\u00f2 precisato un elemento: la classifica generale sar\u00e0 annunciata solo al termine della terza serata, in precedenza saranno noti solo i primi 5. Dunque, nel caso di un ritiro dovuto al posizionamento, occorrer\u00e0 in ogni caso attendere pi\u00f9 di met\u00e0 Festival. Diverso \u00e8 invece il caso di un forfait dovuto alle contestazioni al momento dell\u2019esibizione, che potrebbero verificarsi gi\u00e0 alla prima serata (quando, infatti, canteranno tutti e 29 i big in gara).<\/span><\/p>\n<h2>La smentita<\/h2>\n<p>Va detto che <strong>l\u2019entourage<\/strong> di Fedez <strong>ha categoricamente smentito questa ipotesi<\/strong>, ma non avrebbe potuto fare altrimenti. Ad essere gi\u00e0 stabilito, inoltre, \u00e8 il brano da cantare per la serata dedicata a cover e duetti. La scelta \u00e8 ricaduta su Bella stronza di Marco Masini, un testo che indubbiamente non aiuta a placare quello che \u00e8 il gossip ormai scatenato sulla sua vita privata in relazione all\u2019ormai ex moglie Chiara Ferragni.<\/p>\n<h2>Gli occhi alla gara<\/h2>\n<p>In ogni caso, l&#8217;attenzione degli appassionati del Festival in questi giorni \u00e8 dedicata anche alla gara e ai possibili trionfatori tra Campioni e Nuove Proposte, e Fedez non rientra tra i primi della griglia dei favoriti. In particolare il <a href=\"https:\/\/www.bwin.it\/it\/news\/sanremo-2025\/quote-scommesse-vincitore\">pronostico sul vincitore<\/a> e in particolare il quadro delle <a href=\"https:\/\/www.bwin.it\/it\/news\/sanremo-2025\/quote-scommesse-favoriti\">quote scommesse su Sanremo<\/a> indicano come principali candidati al successo <strong>Giorgia<\/strong> e <strong>Olly<\/strong>, alla sua prima partecipazione alla kermesse. La lista dei favoriti poi ad una settimana circa dall&#8217;inizio della gara prosegue con <strong>Achille Lauro<\/strong>, che chiude il podio dei favoriti. <strong>Elodie<\/strong> e <strong>Irama<\/strong> possono essere invece possibili outsider. Fedez appare lontano anche dagli altri premi in palio, vale a dire quello della Sala Stampa e quello della Critica, che vedono avanti rispettivamente <strong>Brunori Sas<\/strong> e <strong>Simone Cristicchi<\/strong>.<\/p>\n<p>Crediti immagine: Alamy<\/p>\n","protected":false},"excerpt":{"rendered":"<p>Manca ormai meno di una settimana all\u2019inizio della kermesse canora pi\u00f9 importante in Italia: dopo il ritiro di Emis Killa (e la mancata sostituzione), impazzano le voci anche riguardo al rapper, tornato al centro del gossip. Al momento per\u00f2 filtrano solo smentite. Inizia ufficialmente il conto alla rovescia per la &#8230; <a title=\"Sanremo 2025, rumors sul ritiro di Fedez: l\u2019entourage smentisce\" class=\"read-more\" href=\"https:\/\/www.bwin.it\/it\/news\/sanremo-2025\/ritiro-fedez-ipotesi\" aria-label=\"Per saperne di pi\u00f9 su Sanremo 2025, rumors sul ritiro di Fedez: l\u2019entourage smentisce\">Leggi tutto<\/a><\/p>\n","protected":false},"author":219,"featured_media":0,"comment_status":"closed","ping_status":"closed","sticky":false,"template":"","format":"standard","meta":{"_acf_changed":false,"footnotes":""},"categories":[7165],"tags":[],"class_list":["post-564665","post","type-post","status-publish","format-standard","has-post-thumbnail","hentry","category-sanremo-2025","generate-columns","tablet-grid-50","mobile-grid-100","grid-parent","grid-50","no-featured-image-padding"],"acf":[],"yoast_head":"<!-- This site is optimized with the Yoast SEO plugin v24.3 - https:\/\/yoast.com\/wordpress\/plugins\/seo\/ -->\n<title>Sanremo 2025, rumors sul ritiro di Fedez: l\u2019entourage smentisce<\/title>\n<meta name=\"description\" content=\"Dopo il ritiro di Emis Killa, circolano diversi rumors (smentiti) sul possibile forfait di Fedez dal Festival di Sanremo 2025.\" \/>\n<meta name=\"robots\" content=\"index, follow, max-snippet:-1, max-image-preview:large, max-video-preview:-1\" \/>\n<link rel=\"canonical\" href=\"https:\/\/www.bwin.it\/it\/news\/sanremo-2025\/ritiro-fedez-ipotesi\" \/>\n<meta property=\"og:locale\" content=\"it_IT\" \/>\n<meta property=\"og:type\" content=\"article\" \/>\n<meta property=\"og:title\" content=\"Sanremo 2025, rumors sul ritiro di Fedez: l\u2019entourage smentisce\" \/>\n<meta property=\"og:description\" content=\"Dopo il ritiro di Emis Killa, circolano diversi rumors (smentiti) sul possibile forfait di Fedez dal Festival di Sanremo 2025.\" \/>\n<meta property=\"og:url\" content=\"https:\/\/sports.bwin.it\/it\/news\/sanremo-2025\/ritiro-fedez-ipotesi\" \/>\n<meta property=\"og:site_name\" content=\"bwin news\" \/>\n<meta property=\"article:published_time\" content=\"2025-02-05T11:52:53+00:00\" \/>\n<meta property=\"article:modified_time\" content=\"2025-02-14T16:46:56+00:00\" \/>\n<meta name=\"author\" content=\"Sara Ghisoni\" \/>\n<meta name=\"twitter:label1\" content=\"Scritto da\" \/>\n\t<meta name=\"twitter:data1\" content=\"Sara Ghisoni\" \/>\n\t<meta name=\"twitter:label2\" content=\"Tempo di lettura stimato\" \/>\n\t<meta name=\"twitter:data2\" content=\"3 minuti\" \/>\n<script type=\"application\/ld+json\" class=\"yoast-schema-graph\">{\"@context\":\"https:\/\/schema.org\",\"@graph\":[{\"@type\":\"Article\",\"@id\":\"https:\/\/sports.bwin.it\/it\/news\/sanremo-2025\/ritiro-fedez-ipotesi#article\",\"isPartOf\":{\"@id\":\"https:\/\/sports.bwin.it\/it\/news\/sanremo-2025\/ritiro-fedez-ipotesi\"},\"author\":{\"name\":\"Sara Ghisoni\",\"@id\":\"https:\/\/sports.bwin.it\/it\/news\/#\/schema\/person\/659c5c93519080f5b54c72d69359f4f0\"},\"headline\":\"Sanremo 2025, rumors sul ritiro di Fedez: l\u2019entourage smentisce\",\"datePublished\":\"2025-02-05T11:52:53+00:00\",\"dateModified\":\"2025-02-14T16:46:56+00:00\",\"mainEntityOfPage\":{\"@id\":\"https:\/\/sports.bwin.it\/it\/news\/sanremo-2025\/ritiro-fedez-ipotesi\"},\"wordCount\":496,\"publisher\":{\"@id\":\"https:\/\/sports.bwin.it\/it\/news\/#organization\"},\"articleSection\":[\"Sanremo 2025\"],\"inLanguage\":\"it-IT\",\"copyrightYear\":\"2025\",\"copyrightHolder\":{\"@id\":\"https:\/\/www.bwin.it\/it\/news\/#organization\"}},{\"@type\":\"WebPage\",\"@id\":\"https:\/\/sports.bwin.it\/it\/news\/sanremo-2025\/ritiro-fedez-ipotesi\",\"url\":\"https:\/\/sports.bwin.it\/it\/news\/sanremo-2025\/ritiro-fedez-ipotesi\",\"name\":\"Sanremo 2025, rumors sul ritiro di Fedez: l\u2019entourage smentisce\",\"isPartOf\":{\"@id\":\"https:\/\/sports.bwin.it\/it\/news\/#website\"},\"datePublished\":\"2025-02-05T11:52:53+00:00\",\"dateModified\":\"2025-02-14T16:46:56+00:00\",\"description\":\"Dopo il ritiro di Emis Killa, circolano diversi rumors (smentiti) sul possibile forfait di Fedez dal Festival di Sanremo 2025.\",\"breadcrumb\":{\"@id\":\"https:\/\/sports.bwin.it\/it\/news\/sanremo-2025\/ritiro-fedez-ipotesi#breadcrumb\"},\"inLanguage\":\"it-IT\",\"potentialAction\":[{\"@type\":\"ReadAction\",\"target\":[\"https:\/\/sports.bwin.it\/it\/news\/sanremo-2025\/ritiro-fedez-ipotesi\"]}]},{\"@type\":\"BreadcrumbList\",\"@id\":\"https:\/\/sports.bwin.it\/it\/news\/sanremo-2025\/ritiro-fedez-ipotesi#breadcrumb\",\"itemListElement\":[{\"@type\":\"ListItem\",\"position\":1,\"name\":\"Home\",\"item\":\"https:\/\/sports.bwin.it\/it\/news\/\"},{\"@type\":\"ListItem\",\"position\":2,\"name\":\"Sanremo 2025\",\"item\":\"https:\/\/sports.bwin.it\/it\/news\/sanremo-2025\"},{\"@type\":\"ListItem\",\"position\":3,\"name\":\"Sanremo 2025, rumors sul ritiro di Fedez: l\u2019entourage smentisce\"}]},{\"@type\":\"WebSite\",\"@id\":\"https:\/\/sports.bwin.it\/it\/news\/#website\",\"url\":\"https:\/\/sports.bwin.it\/it\/news\/\",\"name\":\"bwin news\",\"description\":\"\",\"publisher\":{\"@id\":\"https:\/\/sports.bwin.it\/it\/news\/#organization\"},\"potentialAction\":[{\"@type\":\"SearchAction\",\"target\":{\"@type\":\"EntryPoint\",\"urlTemplate\":\"https:\/\/sports.bwin.it\/it\/news\/?s={search_term_string}\"},\"query-input\":{\"@type\":\"PropertyValueSpecification\",\"valueRequired\":true,\"valueName\":\"search_term_string\"}}],\"inLanguage\":\"it-IT\"},{\"@type\":\"Organization\",\"@id\":\"https:\/\/sports.bwin.it\/it\/news\/#organization\",\"name\":\"bwin news\",\"url\":\"https:\/\/sports.bwin.it\/it\/news\/\",\"logo\":{\"@type\":\"ImageObject\",\"inLanguage\":\"it-IT\",\"@id\":\"https:\/\/sports.bwin.it\/it\/news\/#\/schema\/logo\/image\/\",\"url\":\"https:\/\/www.bwin.it\/it\/news\/wp-content\/uploads\/2023\/04\/cropped-1060x400-bwin.news_.png\",\"contentUrl\":\"https:\/\/www.bwin.it\/it\/news\/wp-content\/uploads\/2023\/04\/cropped-1060x400-bwin.news_.png\",\"width\":1060,\"height\":400,\"caption\":\"bwin news\"},\"image\":{\"@id\":\"https:\/\/sports.bwin.it\/it\/news\/#\/schema\/logo\/image\/\"}},{\"@type\":\"Person\",\"@id\":\"https:\/\/sports.bwin.it\/it\/news\/#\/schema\/person\/659c5c93519080f5b54c72d69359f4f0\",\"name\":\"Sara Ghisoni\",\"image\":{\"@type\":\"ImageObject\",\"inLanguage\":\"it-IT\",\"@id\":\"https:\/\/sports.bwin.it\/it\/news\/#\/schema\/person\/image\/\",\"url\":\"https:\/\/secure.gravatar.com\/avatar\/eb9352d88496ee36cb4ff657aba15e84?s=96&d=mm&r=g\",\"contentUrl\":\"https:\/\/secure.gravatar.com\/avatar\/eb9352d88496ee36cb4ff657aba15e84?s=96&d=mm&r=g\",\"caption\":\"Sara Ghisoni\"},\"description\":\"Classe 1995, nata e cresciuta in provincia di Piacenza, si \u00e8 laureata in Scienze Storiche presso l\u2019Universit\u00e0 degli studi Milano dopo un\u2019esperienza di studio all\u2019estero. Ha lasciato il cuore a Parigi ma ora vive e lavora a Milano. Appassionata da sempre del mondo del pallone, ha iniziato a scrivere per diletto riuscendo poi a trasformare la passione in una professione. In ambito sportivo si \u00e8 occupata prima di calcio femminile e poi di tornei maschili. Ha collaborato con varie testate locali e nazionali.\",\"url\":\"https:\/\/www.bwin.it\/it\/news\/author\/s-ghisoni\"}]}<\/script>\n<!-- \/ Yoast SEO plugin. -->","yoast_head_json":{"title":"Sanremo 2025, rumors sul ritiro di Fedez: l\u2019entourage smentisce","description":"Dopo il ritiro di Emis Killa, circolano diversi rumors (smentiti) sul possibile forfait di Fedez dal Festival di Sanremo 2025.","robots":{"index":"index","follow":"follow","max-snippet":"max-snippet:-1","max-image-preview":"max-image-preview:large","max-video-preview":"max-video-preview:-1"},"canonical":"https:\/\/www.bwin.it\/it\/news\/sanremo-2025\/ritiro-fedez-ipotesi","og_locale":"it_IT","og_type":"article","og_title":"Sanremo 2025, rumors sul ritiro di Fedez: l\u2019entourage smentisce","og_description":"Dopo il ritiro di Emis Killa, circolano diversi rumors (smentiti) sul possibile forfait di Fedez dal Festival di Sanremo 2025.","og_url":"https:\/\/sports.bwin.it\/it\/news\/sanremo-2025\/ritiro-fedez-ipotesi","og_site_name":"bwin news","article_published_time":"2025-02-05T11:52:53+00:00","article_modified_time":"2025-02-14T16:46:56+00:00","author":"Sara Ghisoni","twitter_misc":{"Scritto da":"Sara Ghisoni","Tempo di lettura stimato":"3 minuti"},"schema":{"@context":"https:\/\/schema.org","@graph":[{"@type":"Article","@id":"https:\/\/sports.bwin.it\/it\/news\/sanremo-2025\/ritiro-fedez-ipotesi#article","isPartOf":{"@id":"https:\/\/sports.bwin.it\/it\/news\/sanremo-2025\/ritiro-fedez-ipotesi"},"author":{"name":"Sara Ghisoni","@id":"https:\/\/sports.bwin.it\/it\/news\/#\/schema\/person\/659c5c93519080f5b54c72d69359f4f0"},"headline":"Sanremo 2025, rumors sul ritiro di Fedez: l\u2019entourage smentisce","datePublished":"2025-02-05T11:52:53+00:00","dateModified":"2025-02-14T16:46:56+00:00","mainEntityOfPage":{"@id":"https:\/\/sports.bwin.it\/it\/news\/sanremo-2025\/ritiro-fedez-ipotesi"},"wordCount":496,"publisher":{"@id":"https:\/\/sports.bwin.it\/it\/news\/#organization"},"articleSection":["Sanremo 2025"],"inLanguage":"it-IT","copyrightYear":"2025","copyrightHolder":{"@id":"https:\/\/www.bwin.it\/it\/news\/#organization"}},{"@type":"WebPage","@id":"https:\/\/sports.bwin.it\/it\/news\/sanremo-2025\/ritiro-fedez-ipotesi","url":"https:\/\/sports.bwin.it\/it\/news\/sanremo-2025\/ritiro-fedez-ipotesi","name":"Sanremo 2025, rumors sul ritiro di Fedez: l\u2019entourage smentisce","isPartOf":{"@id":"https:\/\/sports.bwin.it\/it\/news\/#website"},"datePublished":"2025-02-05T11:52:53+00:00","dateModified":"2025-02-14T16:46:56+00:00","description":"Dopo il ritiro di Emis Killa, circolano diversi rumors (smentiti) sul possibile forfait di Fedez dal Festival di Sanremo 2025.","breadcrumb":{"@id":"https:\/\/sports.bwin.it\/it\/news\/sanremo-2025\/ritiro-fedez-ipotesi#breadcrumb"},"inLanguage":"it-IT","potentialAction":[{"@type":"ReadAction","target":["https:\/\/sports.bwin.it\/it\/news\/sanremo-2025\/ritiro-fedez-ipotesi"]}]},{"@type":"BreadcrumbList","@id":"https:\/\/sports.bwin.it\/it\/news\/sanremo-2025\/ritiro-fedez-ipotesi#breadcrumb","itemListElement":[{"@type":"ListItem","position":1,"name":"Home","item":"https:\/\/sports.bwin.it\/it\/news\/"},{"@type":"ListItem","position":2,"name":"Sanremo 2025","item":"https:\/\/sports.bwin.it\/it\/news\/sanremo-2025"},{"@type":"ListItem","position":3,"name":"Sanremo 2025, rumors sul ritiro di Fedez: l\u2019entourage smentisce"}]},{"@type":"WebSite","@id":"https:\/\/sports.bwin.it\/it\/news\/#website","url":"https:\/\/sports.bwin.it\/it\/news\/","name":"bwin news","description":"","publisher":{"@id":"https:\/\/sports.bwin.it\/it\/news\/#organization"},"potentialAction":[{"@type":"SearchAction","target":{"@type":"EntryPoint","urlTemplate":"https:\/\/sports.bwin.it\/it\/news\/?s={search_term_string}"},"query-input":{"@type":"PropertyValueSpecification","valueRequired":true,"valueName":"search_term_string"}}],"inLanguage":"it-IT"},{"@type":"Organization","@id":"https:\/\/sports.bwin.it\/it\/news\/#organization","name":"bwin news","url":"https:\/\/sports.bwin.it\/it\/news\/","logo":{"@type":"ImageObject","inLanguage":"it-IT","@id":"https:\/\/sports.bwin.it\/it\/news\/#\/schema\/logo\/image\/","url":"https:\/\/www.bwin.it\/it\/news\/wp-content\/uploads\/2023\/04\/cropped-1060x400-bwin.news_.png","contentUrl":"https:\/\/www.bwin.it\/it\/news\/wp-content\/uploads\/2023\/04\/cropped-1060x400-bwin.news_.png","width":1060,"height":400,"caption":"bwin news"},"image":{"@id":"https:\/\/sports.bwin.it\/it\/news\/#\/schema\/logo\/image\/"}},{"@type":"Person","@id":"https:\/\/sports.bwin.it\/it\/news\/#\/schema\/person\/659c5c93519080f5b54c72d69359f4f0","name":"Sara Ghisoni","image":{"@type":"ImageObject","inLanguage":"it-IT","@id":"https:\/\/sports.bwin.it\/it\/news\/#\/schema\/person\/image\/","url":"https:\/\/secure.gravatar.com\/avatar\/eb9352d88496ee36cb4ff657aba15e84?s=96&d=mm&r=g","contentUrl":"https:\/\/secure.gravatar.com\/avatar\/eb9352d88496ee36cb4ff657aba15e84?s=96&d=mm&r=g","caption":"Sara Ghisoni"},"description":"Classe 1995, nata e cresciuta in provincia di Piacenza, si \u00e8 laureata in Scienze Storiche presso l\u2019Universit\u00e0 degli studi Milano dopo un\u2019esperienza di studio all\u2019estero. Ha lasciato il cuore a Parigi ma ora vive e lavora a Milano. Appassionata da sempre del mondo del pallone, ha iniziato a scrivere per diletto riuscendo poi a trasformare la passione in una professione. In ambito sportivo si \u00e8 occupata prima di calcio femminile e poi di tornei maschili. Ha collaborato con varie testate locali e nazionali.","url":"https:\/\/www.bwin.it\/it\/news\/author\/s-ghisoni"}]}},"_links":{"self":[{"href":"https:\/\/www.bwin.it\/it\/news\/wp-json\/wp\/v2\/posts\/564665","targetHints":{"allow":["GET"]}}],"collection":[{"href":"https:\/\/www.bwin.it\/it\/news\/wp-json\/wp\/v2\/posts"}],"about":[{"href":"https:\/\/www.bwin.it\/it\/news\/wp-json\/wp\/v2\/types\/post"}],"author":[{"embeddable":true,"href":"https:\/\/www.bwin.it\/it\/news\/wp-json\/wp\/v2\/users\/219"}],"replies":[{"embeddable":true,"href":"https:\/\/www.bwin.it\/it\/news\/wp-json\/wp\/v2\/comments?post=564665"}],"version-history":[{"count":6,"href":"https:\/\/www.bwin.it\/it\/news\/wp-json\/wp\/v2\/posts\/564665\/revisions"}],"predecessor-version":[{"id":565321,"href":"https:\/\/www.bwin.it\/it\/news\/wp-json\/wp\/v2\/posts\/564665\/revisions\/565321"}],"wp:attachment":[{"href":"https:\/\/www.bwin.it\/it\/news\/wp-json\/wp\/v2\/media?parent=564665"}],"wp:term":[{"taxonomy":"category","embeddable":true,"href":"https:\/\/www.bwin.it\/it\/news\/wp-json\/wp\/v2\/categories?post=564665"},{"taxonomy":"post_tag","embeddable":true,"href":"https:\/\/www.bwin.it\/it\/news\/wp-json\/wp\/v2\/tags?post=564665"}],"curies":[{"name":"wp","href":"https:\/\/api.w.org\/{rel}","templated":true}]}}