{"id":565020,"date":"2025-02-10T20:34:33","date_gmt":"2025-02-10T19:34:33","guid":{"rendered":"https:\/\/www.bwin.it\/it\/news\/?p=565020"},"modified":"2025-02-14T17:33:53","modified_gmt":"2025-02-14T16:33:53","slug":"scaletta-prima-serata","status":"publish","type":"post","link":"https:\/\/www.bwin.it\/it\/news\/sanremo-2025\/scaletta-prima-serata","title":{"rendered":"Sanremo 2025, programma e scaletta della prima serata: aprono Gaia e Gabbani"},"content":{"rendered":"<p><strong>Domani 11 febbraio al Teatro Ariston si aprir\u00e0 la settantacinquesima edizione del Festival della canzone italiana. Stando alla scaletta della prima serata di Sanremo 2025, a inaugurare la gara sar\u00e0 Gaia, seguita da Francesco Gabbani e Rkomi, come suggerito dalle prove.<\/strong><\/p>\n<h2>La scaletta della prima serata di Sanremo 2025<\/h2>\n<p>Il Festival di Sanremo 2025 \u00e8 praticamente alle porte Domani <strong>marted\u00ec 11 febbraio<\/strong> si svolger\u00e0 infatti la prima serata della tanto attesa kermesse musicale. Dopo 8 anni la manifestazione vede nuovamente al timone Carlo Conti. Sar\u00e0 molto difficile ripetere i numeri straordinari di Amadeus. Anche per questo motivo la RAI ha preferito affidarsi ad uno dei conduttori di punta della tv di stato, che ricopre anche il ruolo di direttore artistico. Nel corso della prima serata il pubblico avr\u00e0 modo di ascoltare tutte le 29 canzoni in gara. Come indicato dallo stesso Conti nel corso della conferenza stampa di presentazione del festival, l\u2019ordine delle esibizioni dovrebbe ricalcare in toto quello delle prove odierne. La prima a calcare il palco del Teatro Ariston oggi \u00e8 stata <strong>Gaia<\/strong>, dopodich\u00e9 \u00e8 toccato a <strong>Francesco Gabbani<\/strong>, a <strong>Rkomi<\/strong>, a <strong>Noemi<\/strong> e a <strong>Irama<\/strong>.<\/p>\n<p>In base alle indiscrezioni, l\u2019esibizione dei <strong>Coma_Cose<\/strong> preceder\u00e0 quella del tanto atteso <strong>Simone Cristicchi<\/strong>, dunque a prendersi la scena sar\u00e0 <strong>Marcella Bella<\/strong>. In seguito si succederanno 2 dei favoriti al successo finale, vale a dire <strong>Achille Lauro<\/strong> e <strong>Giorgia<\/strong>. E ancora: <strong>Willie Peyote<\/strong>, <strong>Rose Villain<\/strong>, <strong>Shablo<\/strong>, <strong>Olly<\/strong>, <strong>Elodie<\/strong>, <strong>Massimo Ranieri<\/strong>, <strong>Tony Effe<\/strong>, <strong>Serena Brancale<\/strong>, <strong>Brunori Sas<\/strong> e i <strong>Mod\u00e0<\/strong>. Il termine della serata \u00e8 previsto intorno all\u20191.00 di notte. Ci\u00f2 significa che i tempi saranno leggermente ridotti rispetto al passato. Tuttavia, il pubblico dovr\u00e0 comunque attendere un bel po\u2019 prima di vedere in azione gli ultimi 9 artisti, ossia <strong>Clara<\/strong>, <strong>Fedez<\/strong>, <strong>Lucio Corsi<\/strong>, <strong>Bresh<\/strong>, <strong>Rocco Hunt<\/strong>, <strong>Sarah Toscano<\/strong>, <strong>Joan Thiele<\/strong>, <strong>Francesca Michielin<\/strong> e i <strong>The Kolors<\/strong>. I co-conduttori della serata iniziale saranno <strong>Antonella Clerici<\/strong> e <strong>Gerry Scotti<\/strong>, mentre come ospiti sono stati scelti Jovanotti, che proporr\u00e0 un suo medley, e le cantanti <strong>Noa<\/strong> e <strong>Mira Awad<\/strong>, che intoneranno <em>Imagine<\/em> come inno contro il conflitto israelo-palestinese.<\/p>\n<h2>La gara ha inizio\u2026<\/h2>\n<p>La sfilata dei 29 cantanti nella prima serata del festival scatener\u00e0 inevitabilmente commenti e pronostici da parte degli spettatori. Stando alle indicazioni del <a href=\"https:\/\/www.bwin.it\/it\/news\/sanremo-2025\/quote-scommesse-vincitore\">pronostico sul vincitore di Sanremo<\/a> che popola l\u2019ampio palinsesto delle <a href=\"https:\/\/www.bwin.it\/it\/news\/sanremo-2025\/quote-scommesse-favoriti\">quote scommesse su Sanremo 2025<\/a> a disposizione sulla piattaforma di bwin, i favoriti per la vittoria finale sono alla pari <strong>Giorgia<\/strong> e <strong>Olly<\/strong>, che negli ultimi giorni sono stati considerati come i migliori candidati al successo finale. C\u2019\u00e8 per\u00f2 attesa anche per <strong>Achille Lauro<\/strong>. A suscitare curiosit\u00e0 sono inoltre <strong>Brunori Sas<\/strong> e <strong>Simone Cristicchi<\/strong>, che sembrano avere buone chance secondo i pronostici di conquistare rispettivamente il Premio della Critica e il Premio della Sala Stampa.<\/p>\n<p><em>Crediti immagine: Alamy<\/em><\/p>\n","protected":false},"excerpt":{"rendered":"<p>Domani 11 febbraio al Teatro Ariston si aprir\u00e0 la settantacinquesima edizione del Festival della canzone italiana. Stando alla scaletta della prima serata di Sanremo 2025, a inaugurare la gara sar\u00e0 Gaia, seguita da Francesco Gabbani e Rkomi, come suggerito dalle prove. La scaletta della prima serata di Sanremo 2025 Il &#8230; <a title=\"Sanremo 2025, programma e scaletta della prima serata: aprono Gaia e Gabbani\" class=\"read-more\" href=\"https:\/\/www.bwin.it\/it\/news\/sanremo-2025\/scaletta-prima-serata\" aria-label=\"Per saperne di pi\u00f9 su Sanremo 2025, programma e scaletta della prima serata: aprono Gaia e Gabbani\">Leggi tutto<\/a><\/p>\n","protected":false},"author":225,"featured_media":0,"comment_status":"closed","ping_status":"closed","sticky":false,"template":"","format":"standard","meta":{"_acf_changed":false,"footnotes":""},"categories":[7165],"tags":[],"class_list":["post-565020","post","type-post","status-publish","format-standard","has-post-thumbnail","hentry","category-sanremo-2025","generate-columns","tablet-grid-50","mobile-grid-100","grid-parent","grid-50","no-featured-image-padding"],"acf":[],"yoast_head":"<!-- This site is optimized with the Yoast SEO plugin v24.3 - https:\/\/yoast.com\/wordpress\/plugins\/seo\/ -->\n<title>Sanremo 2025, programma e scaletta della prima serata<\/title>\n<meta name=\"description\" content=\"In quale ordine si esibiranno i cantanti all\u2019Ariston? Ecco programma e scaletta della prima serata del Festival di Sanremo.\" \/>\n<meta name=\"robots\" content=\"index, follow, max-snippet:-1, max-image-preview:large, max-video-preview:-1\" \/>\n<link rel=\"canonical\" href=\"https:\/\/www.bwin.it\/it\/news\/sanremo-2025\/scaletta-prima-serata\" \/>\n<meta property=\"og:locale\" content=\"it_IT\" \/>\n<meta property=\"og:type\" content=\"article\" \/>\n<meta property=\"og:title\" content=\"Sanremo 2025, programma e scaletta della prima serata\" \/>\n<meta property=\"og:description\" content=\"In quale ordine si esibiranno i cantanti all\u2019Ariston? Ecco programma e scaletta della prima serata del Festival di Sanremo.\" \/>\n<meta property=\"og:url\" content=\"https:\/\/sports.bwin.it\/it\/news\/sanremo-2025\/scaletta-prima-serata\" \/>\n<meta property=\"og:site_name\" content=\"bwin news\" \/>\n<meta property=\"article:published_time\" content=\"2025-02-10T19:34:33+00:00\" \/>\n<meta property=\"article:modified_time\" content=\"2025-02-14T16:33:53+00:00\" \/>\n<meta property=\"og:image\" content=\"https:\/\/sports.bwin.it\/it\/news\/wp-content\/uploads\/2025\/02\/immagine-scommesse-scaletta-prima-serata-sanremo-bwin-news-scaled.jpg\" \/>\n\t<meta property=\"og:image:width\" content=\"2048\" \/>\n\t<meta property=\"og:image:height\" content=\"2560\" \/>\n\t<meta property=\"og:image:type\" content=\"image\/jpeg\" \/>\n<meta name=\"author\" content=\"Emanuele Celeste\" \/>\n<meta name=\"twitter:label1\" content=\"Scritto da\" \/>\n\t<meta name=\"twitter:data1\" content=\"Emanuele Celeste\" \/>\n\t<meta name=\"twitter:label2\" content=\"Tempo di lettura stimato\" \/>\n\t<meta name=\"twitter:data2\" content=\"3 minuti\" \/>\n<script type=\"application\/ld+json\" class=\"yoast-schema-graph\">{\"@context\":\"https:\/\/schema.org\",\"@graph\":[{\"@type\":\"Article\",\"@id\":\"https:\/\/sports.bwin.it\/it\/news\/sanremo-2025\/scaletta-prima-serata#article\",\"isPartOf\":{\"@id\":\"https:\/\/sports.bwin.it\/it\/news\/sanremo-2025\/scaletta-prima-serata\"},\"author\":{\"name\":\"Emanuele Celeste\",\"@id\":\"https:\/\/sports.bwin.it\/it\/news\/#\/schema\/person\/fe0357b991a70902eeb82d9f3973e452\"},\"headline\":\"Sanremo 2025, programma e scaletta della prima serata: aprono Gaia e Gabbani\",\"datePublished\":\"2025-02-10T19:34:33+00:00\",\"dateModified\":\"2025-02-14T16:33:53+00:00\",\"mainEntityOfPage\":{\"@id\":\"https:\/\/sports.bwin.it\/it\/news\/sanremo-2025\/scaletta-prima-serata\"},\"wordCount\":458,\"publisher\":{\"@id\":\"https:\/\/sports.bwin.it\/it\/news\/#organization\"},\"articleSection\":[\"Sanremo 2025\"],\"inLanguage\":\"it-IT\",\"copyrightYear\":\"2025\",\"copyrightHolder\":{\"@id\":\"https:\/\/www.bwin.it\/it\/news\/#organization\"}},{\"@type\":\"WebPage\",\"@id\":\"https:\/\/sports.bwin.it\/it\/news\/sanremo-2025\/scaletta-prima-serata\",\"url\":\"https:\/\/sports.bwin.it\/it\/news\/sanremo-2025\/scaletta-prima-serata\",\"name\":\"Sanremo 2025, programma e scaletta della prima serata\",\"isPartOf\":{\"@id\":\"https:\/\/sports.bwin.it\/it\/news\/#website\"},\"datePublished\":\"2025-02-10T19:34:33+00:00\",\"dateModified\":\"2025-02-14T16:33:53+00:00\",\"description\":\"In quale ordine si esibiranno i cantanti all\u2019Ariston? Ecco programma e scaletta della prima serata del Festival di Sanremo.\",\"breadcrumb\":{\"@id\":\"https:\/\/sports.bwin.it\/it\/news\/sanremo-2025\/scaletta-prima-serata#breadcrumb\"},\"inLanguage\":\"it-IT\",\"potentialAction\":[{\"@type\":\"ReadAction\",\"target\":[\"https:\/\/sports.bwin.it\/it\/news\/sanremo-2025\/scaletta-prima-serata\"]}]},{\"@type\":\"BreadcrumbList\",\"@id\":\"https:\/\/sports.bwin.it\/it\/news\/sanremo-2025\/scaletta-prima-serata#breadcrumb\",\"itemListElement\":[{\"@type\":\"ListItem\",\"position\":1,\"name\":\"Home\",\"item\":\"https:\/\/sports.bwin.it\/it\/news\/\"},{\"@type\":\"ListItem\",\"position\":2,\"name\":\"Sanremo 2025\",\"item\":\"https:\/\/sports.bwin.it\/it\/news\/sanremo-2025\"},{\"@type\":\"ListItem\",\"position\":3,\"name\":\"Sanremo 2025, programma e scaletta della prima serata: aprono Gaia e Gabbani\"}]},{\"@type\":\"WebSite\",\"@id\":\"https:\/\/sports.bwin.it\/it\/news\/#website\",\"url\":\"https:\/\/sports.bwin.it\/it\/news\/\",\"name\":\"bwin news\",\"description\":\"\",\"publisher\":{\"@id\":\"https:\/\/sports.bwin.it\/it\/news\/#organization\"},\"potentialAction\":[{\"@type\":\"SearchAction\",\"target\":{\"@type\":\"EntryPoint\",\"urlTemplate\":\"https:\/\/sports.bwin.it\/it\/news\/?s={search_term_string}\"},\"query-input\":{\"@type\":\"PropertyValueSpecification\",\"valueRequired\":true,\"valueName\":\"search_term_string\"}}],\"inLanguage\":\"it-IT\"},{\"@type\":\"Organization\",\"@id\":\"https:\/\/sports.bwin.it\/it\/news\/#organization\",\"name\":\"bwin news\",\"url\":\"https:\/\/sports.bwin.it\/it\/news\/\",\"logo\":{\"@type\":\"ImageObject\",\"inLanguage\":\"it-IT\",\"@id\":\"https:\/\/sports.bwin.it\/it\/news\/#\/schema\/logo\/image\/\",\"url\":\"https:\/\/www.bwin.it\/it\/news\/wp-content\/uploads\/2023\/04\/cropped-1060x400-bwin.news_.png\",\"contentUrl\":\"https:\/\/www.bwin.it\/it\/news\/wp-content\/uploads\/2023\/04\/cropped-1060x400-bwin.news_.png\",\"width\":1060,\"height\":400,\"caption\":\"bwin news\"},\"image\":{\"@id\":\"https:\/\/sports.bwin.it\/it\/news\/#\/schema\/logo\/image\/\"}},{\"@type\":\"Person\",\"@id\":\"https:\/\/sports.bwin.it\/it\/news\/#\/schema\/person\/fe0357b991a70902eeb82d9f3973e452\",\"name\":\"Emanuele Celeste\",\"image\":{\"@type\":\"ImageObject\",\"inLanguage\":\"it-IT\",\"@id\":\"https:\/\/sports.bwin.it\/it\/news\/#\/schema\/person\/image\/\",\"url\":\"https:\/\/secure.gravatar.com\/avatar\/f38a8b15ffff50d003d266ca22a08912?s=96&d=mm&r=g\",\"contentUrl\":\"https:\/\/secure.gravatar.com\/avatar\/f38a8b15ffff50d003d266ca22a08912?s=96&d=mm&r=g\",\"caption\":\"Emanuele Celeste\"},\"description\":\"Attivo nel campo della comunicazione e dell'informazione dal 2007. Grazie alla lunga esperienza presso eventi e conferenze pu\u00f2 vantare in bacheca centinaia di interventi radiotelevisivi anche con personaggi del mondo dello spettacolo e dello sport, mentre gli incarichi da social media manager lo hanno portato a scoprire anche gli angoli pi\u00f9 remoti della rete. Non perde mai di vista tutto ci\u00f2 che \u00e8 di attualit\u00e0.\",\"url\":\"https:\/\/www.bwin.it\/it\/news\/author\/e-celeste\"}]}<\/script>\n<!-- \/ Yoast SEO plugin. -->","yoast_head_json":{"title":"Sanremo 2025, programma e scaletta della prima serata","description":"In quale ordine si esibiranno i cantanti all\u2019Ariston? Ecco programma e scaletta della prima serata del Festival di Sanremo.","robots":{"index":"index","follow":"follow","max-snippet":"max-snippet:-1","max-image-preview":"max-image-preview:large","max-video-preview":"max-video-preview:-1"},"canonical":"https:\/\/www.bwin.it\/it\/news\/sanremo-2025\/scaletta-prima-serata","og_locale":"it_IT","og_type":"article","og_title":"Sanremo 2025, programma e scaletta della prima serata","og_description":"In quale ordine si esibiranno i cantanti all\u2019Ariston? Ecco programma e scaletta della prima serata del Festival di Sanremo.","og_url":"https:\/\/sports.bwin.it\/it\/news\/sanremo-2025\/scaletta-prima-serata","og_site_name":"bwin news","article_published_time":"2025-02-10T19:34:33+00:00","article_modified_time":"2025-02-14T16:33:53+00:00","og_image":[{"width":2048,"height":2560,"url":"https:\/\/sports.bwin.it\/it\/news\/wp-content\/uploads\/2025\/02\/immagine-scommesse-scaletta-prima-serata-sanremo-bwin-news-scaled.jpg","type":"image\/jpeg"}],"author":"Emanuele Celeste","twitter_misc":{"Scritto da":"Emanuele Celeste","Tempo di lettura stimato":"3 minuti"},"schema":{"@context":"https:\/\/schema.org","@graph":[{"@type":"Article","@id":"https:\/\/sports.bwin.it\/it\/news\/sanremo-2025\/scaletta-prima-serata#article","isPartOf":{"@id":"https:\/\/sports.bwin.it\/it\/news\/sanremo-2025\/scaletta-prima-serata"},"author":{"name":"Emanuele Celeste","@id":"https:\/\/sports.bwin.it\/it\/news\/#\/schema\/person\/fe0357b991a70902eeb82d9f3973e452"},"headline":"Sanremo 2025, programma e scaletta della prima serata: aprono Gaia e Gabbani","datePublished":"2025-02-10T19:34:33+00:00","dateModified":"2025-02-14T16:33:53+00:00","mainEntityOfPage":{"@id":"https:\/\/sports.bwin.it\/it\/news\/sanremo-2025\/scaletta-prima-serata"},"wordCount":458,"publisher":{"@id":"https:\/\/sports.bwin.it\/it\/news\/#organization"},"articleSection":["Sanremo 2025"],"inLanguage":"it-IT","copyrightYear":"2025","copyrightHolder":{"@id":"https:\/\/www.bwin.it\/it\/news\/#organization"}},{"@type":"WebPage","@id":"https:\/\/sports.bwin.it\/it\/news\/sanremo-2025\/scaletta-prima-serata","url":"https:\/\/sports.bwin.it\/it\/news\/sanremo-2025\/scaletta-prima-serata","name":"Sanremo 2025, programma e scaletta della prima serata","isPartOf":{"@id":"https:\/\/sports.bwin.it\/it\/news\/#website"},"datePublished":"2025-02-10T19:34:33+00:00","dateModified":"2025-02-14T16:33:53+00:00","description":"In quale ordine si esibiranno i cantanti all\u2019Ariston? Ecco programma e scaletta della prima serata del Festival di Sanremo.","breadcrumb":{"@id":"https:\/\/sports.bwin.it\/it\/news\/sanremo-2025\/scaletta-prima-serata#breadcrumb"},"inLanguage":"it-IT","potentialAction":[{"@type":"ReadAction","target":["https:\/\/sports.bwin.it\/it\/news\/sanremo-2025\/scaletta-prima-serata"]}]},{"@type":"BreadcrumbList","@id":"https:\/\/sports.bwin.it\/it\/news\/sanremo-2025\/scaletta-prima-serata#breadcrumb","itemListElement":[{"@type":"ListItem","position":1,"name":"Home","item":"https:\/\/sports.bwin.it\/it\/news\/"},{"@type":"ListItem","position":2,"name":"Sanremo 2025","item":"https:\/\/sports.bwin.it\/it\/news\/sanremo-2025"},{"@type":"ListItem","position":3,"name":"Sanremo 2025, programma e scaletta della prima serata: aprono Gaia e Gabbani"}]},{"@type":"WebSite","@id":"https:\/\/sports.bwin.it\/it\/news\/#website","url":"https:\/\/sports.bwin.it\/it\/news\/","name":"bwin news","description":"","publisher":{"@id":"https:\/\/sports.bwin.it\/it\/news\/#organization"},"potentialAction":[{"@type":"SearchAction","target":{"@type":"EntryPoint","urlTemplate":"https:\/\/sports.bwin.it\/it\/news\/?s={search_term_string}"},"query-input":{"@type":"PropertyValueSpecification","valueRequired":true,"valueName":"search_term_string"}}],"inLanguage":"it-IT"},{"@type":"Organization","@id":"https:\/\/sports.bwin.it\/it\/news\/#organization","name":"bwin news","url":"https:\/\/sports.bwin.it\/it\/news\/","logo":{"@type":"ImageObject","inLanguage":"it-IT","@id":"https:\/\/sports.bwin.it\/it\/news\/#\/schema\/logo\/image\/","url":"https:\/\/www.bwin.it\/it\/news\/wp-content\/uploads\/2023\/04\/cropped-1060x400-bwin.news_.png","contentUrl":"https:\/\/www.bwin.it\/it\/news\/wp-content\/uploads\/2023\/04\/cropped-1060x400-bwin.news_.png","width":1060,"height":400,"caption":"bwin news"},"image":{"@id":"https:\/\/sports.bwin.it\/it\/news\/#\/schema\/logo\/image\/"}},{"@type":"Person","@id":"https:\/\/sports.bwin.it\/it\/news\/#\/schema\/person\/fe0357b991a70902eeb82d9f3973e452","name":"Emanuele Celeste","image":{"@type":"ImageObject","inLanguage":"it-IT","@id":"https:\/\/sports.bwin.it\/it\/news\/#\/schema\/person\/image\/","url":"https:\/\/secure.gravatar.com\/avatar\/f38a8b15ffff50d003d266ca22a08912?s=96&d=mm&r=g","contentUrl":"https:\/\/secure.gravatar.com\/avatar\/f38a8b15ffff50d003d266ca22a08912?s=96&d=mm&r=g","caption":"Emanuele Celeste"},"description":"Attivo nel campo della comunicazione e dell'informazione dal 2007. Grazie alla lunga esperienza presso eventi e conferenze pu\u00f2 vantare in bacheca centinaia di interventi radiotelevisivi anche con personaggi del mondo dello spettacolo e dello sport, mentre gli incarichi da social media manager lo hanno portato a scoprire anche gli angoli pi\u00f9 remoti della rete. Non perde mai di vista tutto ci\u00f2 che \u00e8 di attualit\u00e0.","url":"https:\/\/www.bwin.it\/it\/news\/author\/e-celeste"}]}},"_links":{"self":[{"href":"https:\/\/www.bwin.it\/it\/news\/wp-json\/wp\/v2\/posts\/565020","targetHints":{"allow":["GET"]}}],"collection":[{"href":"https:\/\/www.bwin.it\/it\/news\/wp-json\/wp\/v2\/posts"}],"about":[{"href":"https:\/\/www.bwin.it\/it\/news\/wp-json\/wp\/v2\/types\/post"}],"author":[{"embeddable":true,"href":"https:\/\/www.bwin.it\/it\/news\/wp-json\/wp\/v2\/users\/225"}],"replies":[{"embeddable":true,"href":"https:\/\/www.bwin.it\/it\/news\/wp-json\/wp\/v2\/comments?post=565020"}],"version-history":[{"count":8,"href":"https:\/\/www.bwin.it\/it\/news\/wp-json\/wp\/v2\/posts\/565020\/revisions"}],"predecessor-version":[{"id":565314,"href":"https:\/\/www.bwin.it\/it\/news\/wp-json\/wp\/v2\/posts\/565020\/revisions\/565314"}],"wp:attachment":[{"href":"https:\/\/www.bwin.it\/it\/news\/wp-json\/wp\/v2\/media?parent=565020"}],"wp:term":[{"taxonomy":"category","embeddable":true,"href":"https:\/\/www.bwin.it\/it\/news\/wp-json\/wp\/v2\/categories?post=565020"},{"taxonomy":"post_tag","embeddable":true,"href":"https:\/\/www.bwin.it\/it\/news\/wp-json\/wp\/v2\/tags?post=565020"}],"curies":[{"name":"wp","href":"https:\/\/api.w.org\/{rel}","templated":true}]}}