{"id":572299,"date":"2025-07-14T11:18:59","date_gmt":"2025-07-14T09:18:59","guid":{"rendered":"https:\/\/www.bwin.it\/it\/news\/?p=572299"},"modified":"2025-07-14T11:22:36","modified_gmt":"2025-07-14T09:22:36","slug":"amichevoli-estive-udinese-2025","status":"publish","type":"post","link":"https:\/\/www.bwin.it\/it\/news\/calcio\/amichevoli-estive-udinese-2025","title":{"rendered":"Le amichevoli dell&#8217;Udinese: il programma completo della pre-season dei bianconeri"},"content":{"rendered":"<p><strong>Tutte le amichevoli in programma per l&#8217;estate della squadra di Kosta Runjaic, dal ritiro fino all&#8217;inizio del campionato: sfida internazionale contro i tedeschi del Werder Brema.<\/strong><\/p>\n<h2>Udinese, la preparazione alla nuova stagione<\/h2>\n<p>L&#8217;Udinese \u00e8 reduce da un campionato tutto sommato positivo, perch\u00e9 ha ottenuto una salvezza tranquilla e con largo anticipo, cosa che l&#8217;anno prima non le era riuscita. Per con qualche momento difficile, i friulani sono riusciti a esprimere un buon calcio e a chiudere all&#8217;undicesimo posto con 44 punti, in concomitanza con il Torino. Per questo motivo la societ\u00e0 ha deciso di dare ancora fiducia a Kosta Runjaic rinnovando il contratto del tecnico tedesco. L&#8217;obiettivo \u00e8 quello di ripetere quanto fatto l&#8217;anno scorso, continuando a mettere in mostra i talenti della rosa bianconera.<\/p>\n<p>Sul mercato l&#8217;Udinese ha visto la partenza del leader difensivo Jaka Bijol, passato al Leeds per 22 milioni di euro. La famiglia Pozzo si \u00e8 cautelata rinforzando il reparto arretrato con l&#8217;arrivo a parametro zero di Nicol\u00f2 Bertola, reduce da una buona stagione in Serie B con lo Spezia. L&#8217;obiettivo numero uno per rinforzare il reparto arretrato \u00e8 per\u00f2 Kialonda Gaspar del Lecce. In attacco c&#8217;\u00e8 da seguire con attenzione le situazioni di Lorenzo Lucca e Florian Thauvin, che piacciono molto rispettivamente a Napoli e Fiorentina. In caso di partenza di uno dei due servir\u00e0 ovviamente rimpiazzare la cessione. Alexis Sanchez pu\u00f2 rimanere ma serve un colloquio chiarificatore con l&#8217;allenatore, che lo ha fatto giocare poco nella stagione appena conclusa.<\/p>\n<h2>Udinese, il programma delle amichevoli estive<\/h2>\n<p>Nel frattempo l&#8217;Udinese si \u00e8 ritrovata in campo con il consueto raduno al Dino Bruseschi per svolgere anche le visite mediche di rito. La squadra di mister Runjaic rimarr\u00e0 a Udinese fino al 20 luglio e il 21 partir\u00e0 ancora una volta per l&#8217;Austria. La base del ritiro sar\u00e0 il Grandhotel di Lienz. In questa fase i bianconeri disputeranno una serie di amichevoli che sono per\u00f2 ancora in fase di programmazione.<\/p>\n<p>L&#8217;unica amichevole gi\u00e0 fissata al momento \u00e8 quella che si giocher\u00e0 <strong>sabato 9 agosto<\/strong> in Germania, al Weserstadion contro il <strong>Werder Brema<\/strong>, alle ore 15.30. In questi match la squadra bianconera avr\u00e0 modo di prepararsi per il debutto ufficiale di luned\u00ec 18 agosto in Coppa Italia contro la Carrarese. Luned\u00ec 25 agosto comincia invece il campionato dei friulani, che sfidano il Verona al Bluenergy Stadium, con le <a href=\"https:\/\/www.bwin.it\/it\/sports\/calcio-4\/scommesse\/italia-20\/serie-a-102846\">quote scommesse sulla Serie A<\/a> che offrono discrete possibilit\u00e0 ai bianconeri al debutto.<\/p>\n<p><strong>AMICHEVOLI ESTIVE UDINESE:<\/strong><\/p>\n<p>9 agosto &#8211; Werder Brema-Udinese<\/p>\n\n\n<p class=\"has-text-align-center\"><a class=\"betting-cta ghost\" href=\"https:\/\/www.bwin.it\/it\/sports\/calcio-4\">PRONOSTICI CALCIO<br>TUTTE LE QUOTE<\/a><\/p>\n\n\n<p><em>Crediti Immagine: Alamy<\/em><\/p>","protected":false},"excerpt":{"rendered":"<p>Tutte le amichevoli in programma per l&#8217;estate della squadra di Kosta Runjaic, dal ritiro fino all&#8217;inizio del campionato: sfida internazionale contro i tedeschi del Werder Brema. Udinese, la preparazione alla nuova stagione L&#8217;Udinese \u00e8 reduce da un campionato tutto sommato positivo, perch\u00e9 ha ottenuto una salvezza tranquilla e con largo &#8230; <a title=\"Le amichevoli dell&#8217;Udinese: il programma completo della pre-season dei bianconeri\" class=\"read-more\" href=\"https:\/\/www.bwin.it\/it\/news\/calcio\/amichevoli-estive-udinese-2025\" aria-label=\"Per saperne di pi\u00f9 su Le amichevoli dell&#8217;Udinese: il programma completo della pre-season dei bianconeri\">Leggi tutto<\/a><\/p>\n","protected":false},"author":222,"featured_media":0,"comment_status":"closed","ping_status":"closed","sticky":false,"template":"","format":"standard","meta":{"_acf_changed":false,"footnotes":""},"categories":[3771,12,282],"tags":[],"class_list":["post-572299","post","type-post","status-publish","format-standard","has-post-thumbnail","hentry","category-calcio","category-campionato","category-serie-a","generate-columns","tablet-grid-50","mobile-grid-100","grid-parent","grid-50","no-featured-image-padding"],"acf":[],"yoast_head":"<!-- This site is optimized with the Yoast SEO plugin v24.3 - https:\/\/yoast.com\/wordpress\/plugins\/seo\/ -->\n<title>Amichevoli estive Udinese, il programma: avversari, date, luogo<\/title>\n<meta name=\"description\" content=\"Il programma completo delle amichevoli estive che vedono impegnato l&#039;Udinese: sfida con i tedeschi del Werder Brema\" \/>\n<meta name=\"robots\" content=\"index, follow, max-snippet:-1, max-image-preview:large, max-video-preview:-1\" \/>\n<link rel=\"canonical\" href=\"https:\/\/www.bwin.it\/it\/news\/calcio\/amichevoli-estive-udinese-2025\" \/>\n<meta property=\"og:locale\" content=\"it_IT\" \/>\n<meta property=\"og:type\" content=\"article\" \/>\n<meta property=\"og:title\" content=\"Amichevoli estive Udinese, il programma: avversari, date, luogo\" \/>\n<meta property=\"og:description\" content=\"Il programma completo delle amichevoli estive che vedono impegnato l&#039;Udinese: sfida con i tedeschi del Werder Brema\" \/>\n<meta property=\"og:url\" content=\"https:\/\/www.bwin.it\/it\/news\/calcio\/amichevoli-estive-udinese-2025\" \/>\n<meta property=\"og:site_name\" content=\"bwin news\" \/>\n<meta property=\"article:published_time\" content=\"2025-07-14T09:18:59+00:00\" \/>\n<meta property=\"article:modified_time\" content=\"2025-07-14T09:22:36+00:00\" \/>\n<meta name=\"author\" content=\"Massimiliano Ciancaglioni\" \/>\n<meta name=\"twitter:label1\" content=\"Scritto da\" \/>\n\t<meta name=\"twitter:data1\" content=\"Massimiliano Ciancaglioni\" \/>\n\t<meta name=\"twitter:label2\" content=\"Tempo di lettura stimato\" \/>\n\t<meta name=\"twitter:data2\" content=\"3 minuti\" \/>\n<script type=\"application\/ld+json\" class=\"yoast-schema-graph\">{\"@context\":\"https:\/\/schema.org\",\"@graph\":[{\"@type\":\"Article\",\"@id\":\"https:\/\/www.bwin.it\/it\/news\/calcio\/amichevoli-estive-udinese-2025#article\",\"isPartOf\":{\"@id\":\"https:\/\/www.bwin.it\/it\/news\/calcio\/amichevoli-estive-udinese-2025\"},\"author\":{\"name\":\"Massimiliano Ciancaglioni\",\"@id\":\"https:\/\/sports.bwin.it\/it\/news\/#\/schema\/person\/db105a6e65d2a35984016fda8f27055f\"},\"headline\":\"Le amichevoli dell&#8217;Udinese: il programma completo della pre-season dei bianconeri\",\"datePublished\":\"2025-07-14T09:18:59+00:00\",\"dateModified\":\"2025-07-14T09:22:36+00:00\",\"mainEntityOfPage\":{\"@id\":\"https:\/\/www.bwin.it\/it\/news\/calcio\/amichevoli-estive-udinese-2025\"},\"wordCount\":412,\"publisher\":{\"@id\":\"https:\/\/sports.bwin.it\/it\/news\/#organization\"},\"articleSection\":[\"Calcio\",\"Campionato\",\"Serie A\"],\"inLanguage\":\"it-IT\",\"copyrightYear\":\"2025\",\"copyrightHolder\":{\"@id\":\"https:\/\/www.bwin.it\/it\/news\/#organization\"}},{\"@type\":\"WebPage\",\"@id\":\"https:\/\/www.bwin.it\/it\/news\/calcio\/amichevoli-estive-udinese-2025\",\"url\":\"https:\/\/www.bwin.it\/it\/news\/calcio\/amichevoli-estive-udinese-2025\",\"name\":\"Amichevoli estive Udinese, il programma: avversari, date, luogo\",\"isPartOf\":{\"@id\":\"https:\/\/sports.bwin.it\/it\/news\/#website\"},\"datePublished\":\"2025-07-14T09:18:59+00:00\",\"dateModified\":\"2025-07-14T09:22:36+00:00\",\"description\":\"Il programma completo delle amichevoli estive che vedono impegnato l'Udinese: sfida con i tedeschi del Werder Brema\",\"breadcrumb\":{\"@id\":\"https:\/\/www.bwin.it\/it\/news\/calcio\/amichevoli-estive-udinese-2025#breadcrumb\"},\"inLanguage\":\"it-IT\",\"potentialAction\":[{\"@type\":\"ReadAction\",\"target\":[\"https:\/\/www.bwin.it\/it\/news\/calcio\/amichevoli-estive-udinese-2025\"]}]},{\"@type\":\"BreadcrumbList\",\"@id\":\"https:\/\/www.bwin.it\/it\/news\/calcio\/amichevoli-estive-udinese-2025#breadcrumb\",\"itemListElement\":[{\"@type\":\"ListItem\",\"position\":1,\"name\":\"Home\",\"item\":\"https:\/\/sports.bwin.it\/it\/news\/\"},{\"@type\":\"ListItem\",\"position\":2,\"name\":\"Calcio\",\"item\":\"https:\/\/sports.bwin.it\/it\/news\/calcio\"},{\"@type\":\"ListItem\",\"position\":3,\"name\":\"Le amichevoli dell&#8217;Udinese: il programma completo della pre-season dei bianconeri\"}]},{\"@type\":\"WebSite\",\"@id\":\"https:\/\/sports.bwin.it\/it\/news\/#website\",\"url\":\"https:\/\/sports.bwin.it\/it\/news\/\",\"name\":\"bwin news\",\"description\":\"\",\"publisher\":{\"@id\":\"https:\/\/sports.bwin.it\/it\/news\/#organization\"},\"potentialAction\":[{\"@type\":\"SearchAction\",\"target\":{\"@type\":\"EntryPoint\",\"urlTemplate\":\"https:\/\/sports.bwin.it\/it\/news\/?s={search_term_string}\"},\"query-input\":{\"@type\":\"PropertyValueSpecification\",\"valueRequired\":true,\"valueName\":\"search_term_string\"}}],\"inLanguage\":\"it-IT\"},{\"@type\":\"Organization\",\"@id\":\"https:\/\/sports.bwin.it\/it\/news\/#organization\",\"name\":\"bwin news\",\"url\":\"https:\/\/sports.bwin.it\/it\/news\/\",\"logo\":{\"@type\":\"ImageObject\",\"inLanguage\":\"it-IT\",\"@id\":\"https:\/\/sports.bwin.it\/it\/news\/#\/schema\/logo\/image\/\",\"url\":\"https:\/\/www.bwin.it\/it\/news\/wp-content\/uploads\/2023\/04\/cropped-1060x400-bwin.news_.png\",\"contentUrl\":\"https:\/\/www.bwin.it\/it\/news\/wp-content\/uploads\/2023\/04\/cropped-1060x400-bwin.news_.png\",\"width\":1060,\"height\":400,\"caption\":\"bwin news\"},\"image\":{\"@id\":\"https:\/\/sports.bwin.it\/it\/news\/#\/schema\/logo\/image\/\"}},{\"@type\":\"Person\",\"@id\":\"https:\/\/sports.bwin.it\/it\/news\/#\/schema\/person\/db105a6e65d2a35984016fda8f27055f\",\"name\":\"Massimiliano Ciancaglioni\",\"image\":{\"@type\":\"ImageObject\",\"inLanguage\":\"it-IT\",\"@id\":\"https:\/\/sports.bwin.it\/it\/news\/#\/schema\/person\/image\/\",\"url\":\"https:\/\/secure.gravatar.com\/avatar\/5b7a43aa41e6bc490686a2996bf0f38e?s=96&d=mm&r=g\",\"contentUrl\":\"https:\/\/secure.gravatar.com\/avatar\/5b7a43aa41e6bc490686a2996bf0f38e?s=96&d=mm&r=g\",\"caption\":\"Massimiliano Ciancaglioni\"},\"description\":\"Classe 1995, nato e cresciuto a Roma, si \u00e8 laureato in Editoria e Scrittura alla Sapienza. Dal 2019 lavora come redattore freelance occupandosi soprattutto di sport e come copywriter in ambito betting, ma scrive anche di economia e attualit\u00e0. Nel tempo libero ama individuare luoghi che non conosce per organizzare i suoi prossimi viaggi, la sua seconda passione dopo il calcio.\",\"url\":\"https:\/\/www.bwin.it\/it\/news\/author\/m-ciancaglioni\"}]}<\/script>\n<!-- \/ Yoast SEO plugin. -->","yoast_head_json":{"title":"Amichevoli estive Udinese, il programma: avversari, date, luogo","description":"Il programma completo delle amichevoli estive che vedono impegnato l'Udinese: sfida con i tedeschi del Werder Brema","robots":{"index":"index","follow":"follow","max-snippet":"max-snippet:-1","max-image-preview":"max-image-preview:large","max-video-preview":"max-video-preview:-1"},"canonical":"https:\/\/www.bwin.it\/it\/news\/calcio\/amichevoli-estive-udinese-2025","og_locale":"it_IT","og_type":"article","og_title":"Amichevoli estive Udinese, il programma: avversari, date, luogo","og_description":"Il programma completo delle amichevoli estive che vedono impegnato l'Udinese: sfida con i tedeschi del Werder Brema","og_url":"https:\/\/www.bwin.it\/it\/news\/calcio\/amichevoli-estive-udinese-2025","og_site_name":"bwin news","article_published_time":"2025-07-14T09:18:59+00:00","article_modified_time":"2025-07-14T09:22:36+00:00","author":"Massimiliano Ciancaglioni","twitter_misc":{"Scritto da":"Massimiliano Ciancaglioni","Tempo di lettura stimato":"3 minuti"},"schema":{"@context":"https:\/\/schema.org","@graph":[{"@type":"Article","@id":"https:\/\/www.bwin.it\/it\/news\/calcio\/amichevoli-estive-udinese-2025#article","isPartOf":{"@id":"https:\/\/www.bwin.it\/it\/news\/calcio\/amichevoli-estive-udinese-2025"},"author":{"name":"Massimiliano Ciancaglioni","@id":"https:\/\/sports.bwin.it\/it\/news\/#\/schema\/person\/db105a6e65d2a35984016fda8f27055f"},"headline":"Le amichevoli dell&#8217;Udinese: il programma completo della pre-season dei bianconeri","datePublished":"2025-07-14T09:18:59+00:00","dateModified":"2025-07-14T09:22:36+00:00","mainEntityOfPage":{"@id":"https:\/\/www.bwin.it\/it\/news\/calcio\/amichevoli-estive-udinese-2025"},"wordCount":412,"publisher":{"@id":"https:\/\/sports.bwin.it\/it\/news\/#organization"},"articleSection":["Calcio","Campionato","Serie A"],"inLanguage":"it-IT","copyrightYear":"2025","copyrightHolder":{"@id":"https:\/\/www.bwin.it\/it\/news\/#organization"}},{"@type":"WebPage","@id":"https:\/\/www.bwin.it\/it\/news\/calcio\/amichevoli-estive-udinese-2025","url":"https:\/\/www.bwin.it\/it\/news\/calcio\/amichevoli-estive-udinese-2025","name":"Amichevoli estive Udinese, il programma: avversari, date, luogo","isPartOf":{"@id":"https:\/\/sports.bwin.it\/it\/news\/#website"},"datePublished":"2025-07-14T09:18:59+00:00","dateModified":"2025-07-14T09:22:36+00:00","description":"Il programma completo delle amichevoli estive che vedono impegnato l'Udinese: sfida con i tedeschi del Werder Brema","breadcrumb":{"@id":"https:\/\/www.bwin.it\/it\/news\/calcio\/amichevoli-estive-udinese-2025#breadcrumb"},"inLanguage":"it-IT","potentialAction":[{"@type":"ReadAction","target":["https:\/\/www.bwin.it\/it\/news\/calcio\/amichevoli-estive-udinese-2025"]}]},{"@type":"BreadcrumbList","@id":"https:\/\/www.bwin.it\/it\/news\/calcio\/amichevoli-estive-udinese-2025#breadcrumb","itemListElement":[{"@type":"ListItem","position":1,"name":"Home","item":"https:\/\/sports.bwin.it\/it\/news\/"},{"@type":"ListItem","position":2,"name":"Calcio","item":"https:\/\/sports.bwin.it\/it\/news\/calcio"},{"@type":"ListItem","position":3,"name":"Le amichevoli dell&#8217;Udinese: il programma completo della pre-season dei bianconeri"}]},{"@type":"WebSite","@id":"https:\/\/sports.bwin.it\/it\/news\/#website","url":"https:\/\/sports.bwin.it\/it\/news\/","name":"bwin news","description":"","publisher":{"@id":"https:\/\/sports.bwin.it\/it\/news\/#organization"},"potentialAction":[{"@type":"SearchAction","target":{"@type":"EntryPoint","urlTemplate":"https:\/\/sports.bwin.it\/it\/news\/?s={search_term_string}"},"query-input":{"@type":"PropertyValueSpecification","valueRequired":true,"valueName":"search_term_string"}}],"inLanguage":"it-IT"},{"@type":"Organization","@id":"https:\/\/sports.bwin.it\/it\/news\/#organization","name":"bwin news","url":"https:\/\/sports.bwin.it\/it\/news\/","logo":{"@type":"ImageObject","inLanguage":"it-IT","@id":"https:\/\/sports.bwin.it\/it\/news\/#\/schema\/logo\/image\/","url":"https:\/\/www.bwin.it\/it\/news\/wp-content\/uploads\/2023\/04\/cropped-1060x400-bwin.news_.png","contentUrl":"https:\/\/www.bwin.it\/it\/news\/wp-content\/uploads\/2023\/04\/cropped-1060x400-bwin.news_.png","width":1060,"height":400,"caption":"bwin news"},"image":{"@id":"https:\/\/sports.bwin.it\/it\/news\/#\/schema\/logo\/image\/"}},{"@type":"Person","@id":"https:\/\/sports.bwin.it\/it\/news\/#\/schema\/person\/db105a6e65d2a35984016fda8f27055f","name":"Massimiliano Ciancaglioni","image":{"@type":"ImageObject","inLanguage":"it-IT","@id":"https:\/\/sports.bwin.it\/it\/news\/#\/schema\/person\/image\/","url":"https:\/\/secure.gravatar.com\/avatar\/5b7a43aa41e6bc490686a2996bf0f38e?s=96&d=mm&r=g","contentUrl":"https:\/\/secure.gravatar.com\/avatar\/5b7a43aa41e6bc490686a2996bf0f38e?s=96&d=mm&r=g","caption":"Massimiliano Ciancaglioni"},"description":"Classe 1995, nato e cresciuto a Roma, si \u00e8 laureato in Editoria e Scrittura alla Sapienza. Dal 2019 lavora come redattore freelance occupandosi soprattutto di sport e come copywriter in ambito betting, ma scrive anche di economia e attualit\u00e0. Nel tempo libero ama individuare luoghi che non conosce per organizzare i suoi prossimi viaggi, la sua seconda passione dopo il calcio.","url":"https:\/\/www.bwin.it\/it\/news\/author\/m-ciancaglioni"}]}},"_links":{"self":[{"href":"https:\/\/www.bwin.it\/it\/news\/wp-json\/wp\/v2\/posts\/572299","targetHints":{"allow":["GET"]}}],"collection":[{"href":"https:\/\/www.bwin.it\/it\/news\/wp-json\/wp\/v2\/posts"}],"about":[{"href":"https:\/\/www.bwin.it\/it\/news\/wp-json\/wp\/v2\/types\/post"}],"author":[{"embeddable":true,"href":"https:\/\/www.bwin.it\/it\/news\/wp-json\/wp\/v2\/users\/222"}],"replies":[{"embeddable":true,"href":"https:\/\/www.bwin.it\/it\/news\/wp-json\/wp\/v2\/comments?post=572299"}],"version-history":[{"count":2,"href":"https:\/\/www.bwin.it\/it\/news\/wp-json\/wp\/v2\/posts\/572299\/revisions"}],"predecessor-version":[{"id":572302,"href":"https:\/\/www.bwin.it\/it\/news\/wp-json\/wp\/v2\/posts\/572299\/revisions\/572302"}],"wp:attachment":[{"href":"https:\/\/www.bwin.it\/it\/news\/wp-json\/wp\/v2\/media?parent=572299"}],"wp:term":[{"taxonomy":"category","embeddable":true,"href":"https:\/\/www.bwin.it\/it\/news\/wp-json\/wp\/v2\/categories?post=572299"},{"taxonomy":"post_tag","embeddable":true,"href":"https:\/\/www.bwin.it\/it\/news\/wp-json\/wp\/v2\/tags?post=572299"}],"curies":[{"name":"wp","href":"https:\/\/api.w.org\/{rel}","templated":true}]}}