{"id":572309,"date":"2025-07-14T23:41:06","date_gmt":"2025-07-14T21:41:06","guid":{"rendered":"https:\/\/www.bwin.it\/it\/news\/?p=572309"},"modified":"2025-07-14T23:41:06","modified_gmt":"2025-07-14T21:41:06","slug":"amichevoli-estive-como-2025","status":"publish","type":"post","link":"https:\/\/www.bwin.it\/it\/news\/calcio\/amichevoli-estive-como-2025","title":{"rendered":"Le amichevoli del Como: il programma completo della pre-season dei lariani"},"content":{"rendered":"<p><strong>Tutte le amichevoli estive del Como di Cesc Fabregas, dal ritiro fino all\u2019inizio del campionato: interessante il quadrangolare con Al-Ahli, Ajax e Celtic.<\/strong><\/p>\n<h2>Como, la preparazione alla nuova stagione<\/h2>\n<p>Il Como si accinge a vivere una nuova, importante stagione all\u2019insegna della crescita. Gi\u00e0, perch\u00e9 nello scorso campionato i lariani hanno indubbiamente superato le aspettative. Dopo essere partiti con la speranza di raggiungere la salvezza, la formazione guidata da Cesc Fabregas \u00e8 arrivata al decimo posto in classifica. Di conseguenza, il ruolo di mister in panchina \u00e8 rimasto proprio nelle mani del tecnico spagnolo, comunque corteggiato da diverse big d\u2019Europa nelle ultime settimane. Adesso l\u2019obiettivo \u00e8 quello di alzare l\u2019asticella. I biancobl\u00f9 vantano indubbiamente una delle societ\u00e0 pi\u00f9 solide del panorama italiano e sognano a ragione una storica qualificazione in Europa.<\/p>\n<p>Ad oggi il mercato del Como ha gi\u00e0 osservato pi\u00f9 di qualche operazione interessante. In difesa il club ha esercitato i riscatti dei giovani Fellipe Jack ed Alex Valle, provenienti rispettivamente dal Palmeiras e dal Barcellona. A centrocampo, invece, l\u2019organico \u00e8 rinforzato per il momento con l\u2019arrivo di Martin Baturina, preso per 25 milioni di euro dalla Dinamo Zagabria. Triplo colpo in avanti. Dal Celtic \u00e8 stato prelevato Nicolas K\u00fchn per 19 milioni, mentre dall\u2019AZ Alkmaar \u00e8 stato preso Jayden Addai per 14 milioni e dal Betis, infine, Jesus Rodriguez per oltre 22 milioni. Si tratta di giocatori di belle prospettive, ma comunque abbastanza talentuosi da dare da subito una mano a questo Como. Rispetto all\u2019anno scorso, le <a href=\"https:\/\/sports.bwin.it\/it\/sports\/calcio-4\/scommesse\/italia-20\/serie-a-102846\">quote scommesse sulla Serie A<\/a> danno molto pi\u00f9 credito ai lariani. Il livello della rosa pu\u00f2 far sperare in un\u2019annata pi\u00f9 che positiva.<\/p>\n<h2>Como, il programma delle amichevoli estive<\/h2>\n<p>La prima amichevole estiva del Como \u00e8 in programma per <strong>venerd\u00ec 18 luglio<\/strong> e vedr\u00e0 la prima squadra opposta al <strong>Lille<\/strong> allenato da Bruno Genesio, presso lo stadio Giuseppe Sinigaglia, alle 19:30. Dal 23 al 27 luglio, invece, andr\u00e0 in scena la prima edizione della Como Cup, un mini-torneo ad eliminazione diretta per una sorta di quadrangolare, sempre al Sinigaglia. <strong>Mercoled\u00ec 23 luglio<\/strong> i ragazzi di Cesc Fabregas sfideranno l\u2019<strong>Al-Ahli<\/strong> alle ore 20:30, mentre il giorno dopo si giocher\u00e0 Ajax-Celtic. Da quest\u2019ultimo match uscir\u00e0 il nome dell\u2019avversaria che il Como dovr\u00e0 sfidare o <strong>sabato 26 luglio per la finale per il terzo posto<\/strong> o <strong>domenica 27 luglio per la finalissima<\/strong>. In pieno agosto inizier\u00e0 poi la stagione vera e propria, con il Como impegnato nei trentaduesimi di finale di Coppa Italia contro il S\u00fcdtirol.<\/p>\n<p><strong>AMICHEVOLI ESTIVE COMO:<\/strong><\/p>\n<p>18 luglio \u2013 Como-Lille<br \/>\n23 luglio \u2013 Como-Al-Ahly<br \/>\n26 o 27 luglio \u2013 finale per il terzo o primo posto della Como Cup<\/p>\n<p><em>Crediti immagine: Alamy<\/em><\/p>\n","protected":false},"excerpt":{"rendered":"<p>Tutte le amichevoli estive del Como di Cesc Fabregas, dal ritiro fino all\u2019inizio del campionato: interessante il quadrangolare con Al-Ahli, Ajax e Celtic. Como, la preparazione alla nuova stagione Il Como si accinge a vivere una nuova, importante stagione all\u2019insegna della crescita. Gi\u00e0, perch\u00e9 nello scorso campionato i lariani hanno &#8230; <a title=\"Le amichevoli del Como: il programma completo della pre-season dei lariani\" class=\"read-more\" href=\"https:\/\/www.bwin.it\/it\/news\/calcio\/amichevoli-estive-como-2025\" aria-label=\"Per saperne di pi\u00f9 su Le amichevoli del Como: il programma completo della pre-season dei lariani\">Leggi tutto<\/a><\/p>\n","protected":false},"author":225,"featured_media":0,"comment_status":"closed","ping_status":"closed","sticky":false,"template":"","format":"standard","meta":{"_acf_changed":false,"footnotes":""},"categories":[3771,12,282],"tags":[],"class_list":["post-572309","post","type-post","status-publish","format-standard","has-post-thumbnail","hentry","category-calcio","category-campionato","category-serie-a","generate-columns","tablet-grid-50","mobile-grid-100","grid-parent","grid-50","no-featured-image-padding"],"acf":[],"yoast_head":"<!-- This site is optimized with the Yoast SEO plugin v24.3 - https:\/\/yoast.com\/wordpress\/plugins\/seo\/ -->\n<title>Amichevoli estive Como, il programma: avversari, date, luogo<\/title>\n<meta name=\"description\" content=\"Il programma completo delle amichevoli estive che vedono impegnato il Como: ecco le sfide previste tra luglio e agosto.\" \/>\n<meta name=\"robots\" content=\"index, follow, max-snippet:-1, max-image-preview:large, max-video-preview:-1\" \/>\n<link rel=\"canonical\" href=\"https:\/\/www.bwin.it\/it\/news\/calcio\/amichevoli-estive-como-2025\" \/>\n<meta property=\"og:locale\" content=\"it_IT\" \/>\n<meta property=\"og:type\" content=\"article\" \/>\n<meta property=\"og:title\" content=\"Amichevoli estive Como, il programma: avversari, date, luogo\" \/>\n<meta property=\"og:description\" content=\"Il programma completo delle amichevoli estive che vedono impegnato il Como: ecco le sfide previste tra luglio e agosto.\" \/>\n<meta property=\"og:url\" content=\"https:\/\/www.bwin.it\/it\/news\/calcio\/amichevoli-estive-como-2025\" \/>\n<meta property=\"og:site_name\" content=\"bwin news\" \/>\n<meta property=\"article:published_time\" content=\"2025-07-14T21:41:06+00:00\" \/>\n<meta property=\"og:image\" content=\"https:\/\/www.bwin.it\/it\/news\/wp-content\/uploads\/og-image\/immagine-scommesse-lecce-como-bwin-news-scaled-watermarked-b22c3735f1ea642385f343e5cf117991.jpg\" \/>\n\t<meta property=\"og:image:width\" content=\"2560\" \/>\n\t<meta property=\"og:image:height\" content=\"1707\" \/>\n\t<meta property=\"og:image:type\" content=\"image\/jpeg\" \/>\n<meta name=\"author\" content=\"Emanuele Celeste\" \/>\n<meta name=\"twitter:label1\" content=\"Scritto da\" \/>\n\t<meta name=\"twitter:data1\" content=\"Emanuele Celeste\" \/>\n\t<meta name=\"twitter:label2\" content=\"Tempo di lettura stimato\" \/>\n\t<meta name=\"twitter:data2\" content=\"3 minuti\" \/>\n<script type=\"application\/ld+json\" class=\"yoast-schema-graph\">{\"@context\":\"https:\/\/schema.org\",\"@graph\":[{\"@type\":\"Article\",\"@id\":\"https:\/\/www.bwin.it\/it\/news\/calcio\/amichevoli-estive-como-2025#article\",\"isPartOf\":{\"@id\":\"https:\/\/www.bwin.it\/it\/news\/calcio\/amichevoli-estive-como-2025\"},\"author\":{\"name\":\"Emanuele Celeste\",\"@id\":\"https:\/\/sports.bwin.it\/it\/news\/#\/schema\/person\/fe0357b991a70902eeb82d9f3973e452\"},\"headline\":\"Le amichevoli del Como: il programma completo della pre-season dei lariani\",\"datePublished\":\"2025-07-14T21:41:06+00:00\",\"dateModified\":\"2025-07-14T21:41:06+00:00\",\"mainEntityOfPage\":{\"@id\":\"https:\/\/www.bwin.it\/it\/news\/calcio\/amichevoli-estive-como-2025\"},\"wordCount\":440,\"publisher\":{\"@id\":\"https:\/\/sports.bwin.it\/it\/news\/#organization\"},\"articleSection\":[\"Calcio\",\"Campionato\",\"Serie A\"],\"inLanguage\":\"it-IT\",\"copyrightYear\":\"2025\",\"copyrightHolder\":{\"@id\":\"https:\/\/www.bwin.it\/it\/news\/#organization\"}},{\"@type\":\"WebPage\",\"@id\":\"https:\/\/www.bwin.it\/it\/news\/calcio\/amichevoli-estive-como-2025\",\"url\":\"https:\/\/www.bwin.it\/it\/news\/calcio\/amichevoli-estive-como-2025\",\"name\":\"Amichevoli estive Como, il programma: avversari, date, luogo\",\"isPartOf\":{\"@id\":\"https:\/\/sports.bwin.it\/it\/news\/#website\"},\"datePublished\":\"2025-07-14T21:41:06+00:00\",\"dateModified\":\"2025-07-14T21:41:06+00:00\",\"description\":\"Il programma completo delle amichevoli estive che vedono impegnato il Como: ecco le sfide previste tra luglio e agosto.\",\"breadcrumb\":{\"@id\":\"https:\/\/www.bwin.it\/it\/news\/calcio\/amichevoli-estive-como-2025#breadcrumb\"},\"inLanguage\":\"it-IT\",\"potentialAction\":[{\"@type\":\"ReadAction\",\"target\":[\"https:\/\/www.bwin.it\/it\/news\/calcio\/amichevoli-estive-como-2025\"]}]},{\"@type\":\"BreadcrumbList\",\"@id\":\"https:\/\/www.bwin.it\/it\/news\/calcio\/amichevoli-estive-como-2025#breadcrumb\",\"itemListElement\":[{\"@type\":\"ListItem\",\"position\":1,\"name\":\"Home\",\"item\":\"https:\/\/sports.bwin.it\/it\/news\/\"},{\"@type\":\"ListItem\",\"position\":2,\"name\":\"Calcio\",\"item\":\"https:\/\/sports.bwin.it\/it\/news\/calcio\"},{\"@type\":\"ListItem\",\"position\":3,\"name\":\"Le amichevoli del Como: il programma completo della pre-season dei lariani\"}]},{\"@type\":\"WebSite\",\"@id\":\"https:\/\/sports.bwin.it\/it\/news\/#website\",\"url\":\"https:\/\/sports.bwin.it\/it\/news\/\",\"name\":\"bwin news\",\"description\":\"\",\"publisher\":{\"@id\":\"https:\/\/sports.bwin.it\/it\/news\/#organization\"},\"potentialAction\":[{\"@type\":\"SearchAction\",\"target\":{\"@type\":\"EntryPoint\",\"urlTemplate\":\"https:\/\/sports.bwin.it\/it\/news\/?s={search_term_string}\"},\"query-input\":{\"@type\":\"PropertyValueSpecification\",\"valueRequired\":true,\"valueName\":\"search_term_string\"}}],\"inLanguage\":\"it-IT\"},{\"@type\":\"Organization\",\"@id\":\"https:\/\/sports.bwin.it\/it\/news\/#organization\",\"name\":\"bwin news\",\"url\":\"https:\/\/sports.bwin.it\/it\/news\/\",\"logo\":{\"@type\":\"ImageObject\",\"inLanguage\":\"it-IT\",\"@id\":\"https:\/\/sports.bwin.it\/it\/news\/#\/schema\/logo\/image\/\",\"url\":\"https:\/\/www.bwin.it\/it\/news\/wp-content\/uploads\/2023\/04\/cropped-1060x400-bwin.news_.png\",\"contentUrl\":\"https:\/\/www.bwin.it\/it\/news\/wp-content\/uploads\/2023\/04\/cropped-1060x400-bwin.news_.png\",\"width\":1060,\"height\":400,\"caption\":\"bwin news\"},\"image\":{\"@id\":\"https:\/\/sports.bwin.it\/it\/news\/#\/schema\/logo\/image\/\"}},{\"@type\":\"Person\",\"@id\":\"https:\/\/sports.bwin.it\/it\/news\/#\/schema\/person\/fe0357b991a70902eeb82d9f3973e452\",\"name\":\"Emanuele Celeste\",\"image\":{\"@type\":\"ImageObject\",\"inLanguage\":\"it-IT\",\"@id\":\"https:\/\/sports.bwin.it\/it\/news\/#\/schema\/person\/image\/\",\"url\":\"https:\/\/secure.gravatar.com\/avatar\/f38a8b15ffff50d003d266ca22a08912?s=96&d=mm&r=g\",\"contentUrl\":\"https:\/\/secure.gravatar.com\/avatar\/f38a8b15ffff50d003d266ca22a08912?s=96&d=mm&r=g\",\"caption\":\"Emanuele Celeste\"},\"description\":\"Attivo nel campo della comunicazione e dell'informazione dal 2007. Grazie alla lunga esperienza presso eventi e conferenze pu\u00f2 vantare in bacheca centinaia di interventi radiotelevisivi anche con personaggi del mondo dello spettacolo e dello sport, mentre gli incarichi da social media manager lo hanno portato a scoprire anche gli angoli pi\u00f9 remoti della rete. Non perde mai di vista tutto ci\u00f2 che \u00e8 di attualit\u00e0.\",\"url\":\"https:\/\/www.bwin.it\/it\/news\/author\/e-celeste\"}]}<\/script>\n<!-- \/ Yoast SEO plugin. -->","yoast_head_json":{"title":"Amichevoli estive Como, il programma: avversari, date, luogo","description":"Il programma completo delle amichevoli estive che vedono impegnato il Como: ecco le sfide previste tra luglio e agosto.","robots":{"index":"index","follow":"follow","max-snippet":"max-snippet:-1","max-image-preview":"max-image-preview:large","max-video-preview":"max-video-preview:-1"},"canonical":"https:\/\/www.bwin.it\/it\/news\/calcio\/amichevoli-estive-como-2025","og_locale":"it_IT","og_type":"article","og_title":"Amichevoli estive Como, il programma: avversari, date, luogo","og_description":"Il programma completo delle amichevoli estive che vedono impegnato il Como: ecco le sfide previste tra luglio e agosto.","og_url":"https:\/\/www.bwin.it\/it\/news\/calcio\/amichevoli-estive-como-2025","og_site_name":"bwin news","article_published_time":"2025-07-14T21:41:06+00:00","og_image":[{"width":2560,"height":1707,"url":"https:\/\/www.bwin.it\/it\/news\/wp-content\/uploads\/og-image\/immagine-scommesse-lecce-como-bwin-news-scaled-watermarked-b22c3735f1ea642385f343e5cf117991.jpg","type":"image\/jpeg"}],"author":"Emanuele Celeste","twitter_misc":{"Scritto da":"Emanuele Celeste","Tempo di lettura stimato":"3 minuti"},"schema":{"@context":"https:\/\/schema.org","@graph":[{"@type":"Article","@id":"https:\/\/www.bwin.it\/it\/news\/calcio\/amichevoli-estive-como-2025#article","isPartOf":{"@id":"https:\/\/www.bwin.it\/it\/news\/calcio\/amichevoli-estive-como-2025"},"author":{"name":"Emanuele Celeste","@id":"https:\/\/sports.bwin.it\/it\/news\/#\/schema\/person\/fe0357b991a70902eeb82d9f3973e452"},"headline":"Le amichevoli del Como: il programma completo della pre-season dei lariani","datePublished":"2025-07-14T21:41:06+00:00","dateModified":"2025-07-14T21:41:06+00:00","mainEntityOfPage":{"@id":"https:\/\/www.bwin.it\/it\/news\/calcio\/amichevoli-estive-como-2025"},"wordCount":440,"publisher":{"@id":"https:\/\/sports.bwin.it\/it\/news\/#organization"},"articleSection":["Calcio","Campionato","Serie A"],"inLanguage":"it-IT","copyrightYear":"2025","copyrightHolder":{"@id":"https:\/\/www.bwin.it\/it\/news\/#organization"}},{"@type":"WebPage","@id":"https:\/\/www.bwin.it\/it\/news\/calcio\/amichevoli-estive-como-2025","url":"https:\/\/www.bwin.it\/it\/news\/calcio\/amichevoli-estive-como-2025","name":"Amichevoli estive Como, il programma: avversari, date, luogo","isPartOf":{"@id":"https:\/\/sports.bwin.it\/it\/news\/#website"},"datePublished":"2025-07-14T21:41:06+00:00","dateModified":"2025-07-14T21:41:06+00:00","description":"Il programma completo delle amichevoli estive che vedono impegnato il Como: ecco le sfide previste tra luglio e agosto.","breadcrumb":{"@id":"https:\/\/www.bwin.it\/it\/news\/calcio\/amichevoli-estive-como-2025#breadcrumb"},"inLanguage":"it-IT","potentialAction":[{"@type":"ReadAction","target":["https:\/\/www.bwin.it\/it\/news\/calcio\/amichevoli-estive-como-2025"]}]},{"@type":"BreadcrumbList","@id":"https:\/\/www.bwin.it\/it\/news\/calcio\/amichevoli-estive-como-2025#breadcrumb","itemListElement":[{"@type":"ListItem","position":1,"name":"Home","item":"https:\/\/sports.bwin.it\/it\/news\/"},{"@type":"ListItem","position":2,"name":"Calcio","item":"https:\/\/sports.bwin.it\/it\/news\/calcio"},{"@type":"ListItem","position":3,"name":"Le amichevoli del Como: il programma completo della pre-season dei lariani"}]},{"@type":"WebSite","@id":"https:\/\/sports.bwin.it\/it\/news\/#website","url":"https:\/\/sports.bwin.it\/it\/news\/","name":"bwin news","description":"","publisher":{"@id":"https:\/\/sports.bwin.it\/it\/news\/#organization"},"potentialAction":[{"@type":"SearchAction","target":{"@type":"EntryPoint","urlTemplate":"https:\/\/sports.bwin.it\/it\/news\/?s={search_term_string}"},"query-input":{"@type":"PropertyValueSpecification","valueRequired":true,"valueName":"search_term_string"}}],"inLanguage":"it-IT"},{"@type":"Organization","@id":"https:\/\/sports.bwin.it\/it\/news\/#organization","name":"bwin news","url":"https:\/\/sports.bwin.it\/it\/news\/","logo":{"@type":"ImageObject","inLanguage":"it-IT","@id":"https:\/\/sports.bwin.it\/it\/news\/#\/schema\/logo\/image\/","url":"https:\/\/www.bwin.it\/it\/news\/wp-content\/uploads\/2023\/04\/cropped-1060x400-bwin.news_.png","contentUrl":"https:\/\/www.bwin.it\/it\/news\/wp-content\/uploads\/2023\/04\/cropped-1060x400-bwin.news_.png","width":1060,"height":400,"caption":"bwin news"},"image":{"@id":"https:\/\/sports.bwin.it\/it\/news\/#\/schema\/logo\/image\/"}},{"@type":"Person","@id":"https:\/\/sports.bwin.it\/it\/news\/#\/schema\/person\/fe0357b991a70902eeb82d9f3973e452","name":"Emanuele Celeste","image":{"@type":"ImageObject","inLanguage":"it-IT","@id":"https:\/\/sports.bwin.it\/it\/news\/#\/schema\/person\/image\/","url":"https:\/\/secure.gravatar.com\/avatar\/f38a8b15ffff50d003d266ca22a08912?s=96&d=mm&r=g","contentUrl":"https:\/\/secure.gravatar.com\/avatar\/f38a8b15ffff50d003d266ca22a08912?s=96&d=mm&r=g","caption":"Emanuele Celeste"},"description":"Attivo nel campo della comunicazione e dell'informazione dal 2007. Grazie alla lunga esperienza presso eventi e conferenze pu\u00f2 vantare in bacheca centinaia di interventi radiotelevisivi anche con personaggi del mondo dello spettacolo e dello sport, mentre gli incarichi da social media manager lo hanno portato a scoprire anche gli angoli pi\u00f9 remoti della rete. Non perde mai di vista tutto ci\u00f2 che \u00e8 di attualit\u00e0.","url":"https:\/\/www.bwin.it\/it\/news\/author\/e-celeste"}]}},"_links":{"self":[{"href":"https:\/\/www.bwin.it\/it\/news\/wp-json\/wp\/v2\/posts\/572309","targetHints":{"allow":["GET"]}}],"collection":[{"href":"https:\/\/www.bwin.it\/it\/news\/wp-json\/wp\/v2\/posts"}],"about":[{"href":"https:\/\/www.bwin.it\/it\/news\/wp-json\/wp\/v2\/types\/post"}],"author":[{"embeddable":true,"href":"https:\/\/www.bwin.it\/it\/news\/wp-json\/wp\/v2\/users\/225"}],"replies":[{"embeddable":true,"href":"https:\/\/www.bwin.it\/it\/news\/wp-json\/wp\/v2\/comments?post=572309"}],"version-history":[{"count":1,"href":"https:\/\/www.bwin.it\/it\/news\/wp-json\/wp\/v2\/posts\/572309\/revisions"}],"predecessor-version":[{"id":572310,"href":"https:\/\/www.bwin.it\/it\/news\/wp-json\/wp\/v2\/posts\/572309\/revisions\/572310"}],"wp:attachment":[{"href":"https:\/\/www.bwin.it\/it\/news\/wp-json\/wp\/v2\/media?parent=572309"}],"wp:term":[{"taxonomy":"category","embeddable":true,"href":"https:\/\/www.bwin.it\/it\/news\/wp-json\/wp\/v2\/categories?post=572309"},{"taxonomy":"post_tag","embeddable":true,"href":"https:\/\/www.bwin.it\/it\/news\/wp-json\/wp\/v2\/tags?post=572309"}],"curies":[{"name":"wp","href":"https:\/\/api.w.org\/{rel}","templated":true}]}}