{"id":572314,"date":"2025-07-16T11:57:36","date_gmt":"2025-07-16T09:57:36","guid":{"rendered":"https:\/\/www.bwin.it\/it\/news\/?p=572314"},"modified":"2025-07-16T11:57:52","modified_gmt":"2025-07-16T09:57:52","slug":"amichevoli-estive-parma-2025","status":"publish","type":"post","link":"https:\/\/www.bwin.it\/it\/news\/calcio\/amichevoli-estive-parma-2025","title":{"rendered":"Le amichevoli del Parma: il programma completo della pre-season degli emiliani"},"content":{"rendered":"<p><strong>Tutte le amichevoli in programma per l\u2019estate della squadra di Carlos Cuesta, dal ritiro fino all\u2019inizio del campionato: tante sfide internazionali, dal Werder Brema al Maiorca<\/strong><\/p>\n<h2>Parma, la preparazione alla nuova stagione<\/h2>\n<p>Il Parma ha conquistato una salvezza pi\u00f9 complicata nel campionato appena concluso, che ha comunque valore in quanto ottenuta da neopromossa. Per questa nuova stagione la propriet\u00e0 ha stupito tutti affidando la panchina al giovanissimo <strong>Carlos Cuesta<\/strong>, ex vice di Mikel Arteta all&#8217;Arsenal, con un passato anche in Italia nelle giovanili della Juventus. Il nuovo tecnico spagnolo ha comunque un curriculum gi\u00e0 molto interessante e prover\u00e0 a innestare le sue idee innovative in una squadra molto giovane pronta a seguirlo. Le <a href=\"https:\/\/www.bwin.it\/it\/sports\/calcio-4\/scommesse\/italia-20\/serie-a-102846\">quote scommesse sulla Serie A<\/a> non considerano i crociati tra le squadre che rischiano la retrocessione, e li piazzano appena sopra nella gerarchia della lotta al titolo.<\/p>\n<p>Per quanto riguarda il mercato, i ducali hanno perso <strong>Ange-Yoan Bonny<\/strong> in attacco perch\u00e9 il francese \u00e8 passato all&#8217;Inter per 25 milioni di euro. La dirigenza dovr\u00e0 ora provare a resistere agli assalti delle big per gli altri gioielli, come il difensore<strong> Giovanni Leoni<\/strong> e il regista Adrian Bernab\u00e9. Il Parma vuole degli innesti di esperienza e sogna gli ingaggi di Lorenzo Insigne e di Marko Arnautovic. Gli emiliani sono poi uno dei tanti club che sta provando ad inserirsi nella corsa ad Aliou Fadera, l&#8217;esterno gambiano in uscita dal Como che piace anche a Cagliari e Sassuolo.<\/p>\n<h2>Parma, il programma delle amichevoli estive<\/h2>\n<p>La ripresa degli allenamenti in casa Parma c&#8217;\u00e8 stata marted\u00ec 15 luglio con la prima sgambata al Mutti Training Center di Collecchio. Il primo test \u00e8 proprio qui e si gioca <strong>domenica 20 luglio<\/strong> alle 9.30 contro la <strong>Primavera<\/strong>. Dal 21 luglio i gialloblu saranno invece in ritiro in Austria, nella localit\u00e0 di Neustift im Stubaital. Qui \u00e8 in programma <strong>sabato 26 luglio<\/strong>, alle 15.00, il friendly match contro i tedeschi del <strong>Werder Brema<\/strong>. Sempre in Austria andr\u00e0 in scena il confronto con gli spagnoli del <strong>Maiorca<\/strong>, con le due formazioni che scenderanno in campo <strong>gioved\u00ec 31 luglio<\/strong> alle ore 11.<\/p>\n<p>L&#8217;ultima amichevole della pre-season della squadra di Cuesta \u00e8 quella contro l&#8217;<strong>Heidenheim<\/strong> alla Voith Arena ad Heidenheim an der Brenz. Il fischio d&#8217;inizio \u00e8 previsto per le ore 15 di <strong>sabato 9 agosto<\/strong>. Da quel momento i ducali inizieranno a preparare l&#8217;ostico esordio in campionato che arriver\u00e0 domenica 24 agosto ad Allianz Stadium contro la Juventus di Igor Tudor.<\/p>\n<p><strong>AMICHEVOLI ESTIVE PARMA:<\/strong><\/p>\n<p>20 luglio \u2013 Parma-Parma Primavera<br \/>\n26 luglio \u2013 Parma-Werder Brema<br \/>\n31 luglio \u2013 Parma-Maiorca<br \/>\n9 agosto &#8211; Heidenheim-Parma<\/p>\n<p class=\"has-text-align-center\"><a class=\"betting-cta ghost\" href=\"https:\/\/www.bwin.it\/it\/sports\/calcio-4\">PRONOSTICI CALCIO<br \/>\nTUTTE LE QUOTE<\/a><\/p>\n<p><em>Crediti immagine: Alamy<\/em><\/p>\n","protected":false},"excerpt":{"rendered":"<p>Tutte le amichevoli in programma per l\u2019estate della squadra di Carlos Cuesta, dal ritiro fino all\u2019inizio del campionato: tante sfide internazionali, dal Werder Brema al Maiorca Parma, la preparazione alla nuova stagione Il Parma ha conquistato una salvezza pi\u00f9 complicata nel campionato appena concluso, che ha comunque valore in quanto &#8230; <a title=\"Le amichevoli del Parma: il programma completo della pre-season degli emiliani\" class=\"read-more\" href=\"https:\/\/www.bwin.it\/it\/news\/calcio\/amichevoli-estive-parma-2025\" aria-label=\"Per saperne di pi\u00f9 su Le amichevoli del Parma: il programma completo della pre-season degli emiliani\">Leggi tutto<\/a><\/p>\n","protected":false},"author":222,"featured_media":0,"comment_status":"closed","ping_status":"closed","sticky":false,"template":"","format":"standard","meta":{"_acf_changed":false,"footnotes":""},"categories":[12,282,3771],"tags":[],"class_list":["post-572314","post","type-post","status-publish","format-standard","has-post-thumbnail","hentry","category-campionato","category-serie-a","category-calcio","generate-columns","tablet-grid-50","mobile-grid-100","grid-parent","grid-50","no-featured-image-padding"],"acf":[],"yoast_head":"<!-- This site is optimized with the Yoast SEO plugin v24.3 - https:\/\/yoast.com\/wordpress\/plugins\/seo\/ -->\n<title>Amichevoli estive Parma, il programma: avversari, date, luogo<\/title>\n<meta name=\"description\" content=\"Le amichevoli estive del Parma condurranno i ducali verso l&#039;esordio casalingo in campionato contro la Juventus.\" \/>\n<meta name=\"robots\" content=\"index, follow, max-snippet:-1, max-image-preview:large, max-video-preview:-1\" \/>\n<link rel=\"canonical\" href=\"https:\/\/www.bwin.it\/it\/news\/calcio\/amichevoli-estive-parma-2025\" \/>\n<meta property=\"og:locale\" content=\"it_IT\" \/>\n<meta property=\"og:type\" content=\"article\" \/>\n<meta property=\"og:title\" content=\"Amichevoli estive Parma, il programma: avversari, date, luogo\" \/>\n<meta property=\"og:description\" content=\"Le amichevoli estive del Parma condurranno i ducali verso l&#039;esordio casalingo in campionato contro la Juventus.\" \/>\n<meta property=\"og:url\" content=\"https:\/\/www.bwin.it\/it\/news\/calcio\/amichevoli-estive-parma-2025\" \/>\n<meta property=\"og:site_name\" content=\"bwin news\" \/>\n<meta property=\"article:published_time\" content=\"2025-07-16T09:57:36+00:00\" \/>\n<meta property=\"article:modified_time\" content=\"2025-07-16T09:57:52+00:00\" \/>\n<meta name=\"author\" content=\"Massimiliano Ciancaglioni\" \/>\n<meta name=\"twitter:label1\" content=\"Scritto da\" \/>\n\t<meta name=\"twitter:data1\" content=\"Massimiliano Ciancaglioni\" \/>\n\t<meta name=\"twitter:label2\" content=\"Tempo di lettura stimato\" \/>\n\t<meta name=\"twitter:data2\" content=\"3 minuti\" \/>\n<script type=\"application\/ld+json\" class=\"yoast-schema-graph\">{\"@context\":\"https:\/\/schema.org\",\"@graph\":[{\"@type\":\"Article\",\"@id\":\"https:\/\/www.bwin.it\/it\/news\/calcio\/amichevoli-estive-parma-2025#article\",\"isPartOf\":{\"@id\":\"https:\/\/www.bwin.it\/it\/news\/calcio\/amichevoli-estive-parma-2025\"},\"author\":{\"name\":\"Massimiliano Ciancaglioni\",\"@id\":\"https:\/\/sports.bwin.it\/it\/news\/#\/schema\/person\/db105a6e65d2a35984016fda8f27055f\"},\"headline\":\"Le amichevoli del Parma: il programma completo della pre-season degli emiliani\",\"datePublished\":\"2025-07-16T09:57:36+00:00\",\"dateModified\":\"2025-07-16T09:57:52+00:00\",\"mainEntityOfPage\":{\"@id\":\"https:\/\/www.bwin.it\/it\/news\/calcio\/amichevoli-estive-parma-2025\"},\"wordCount\":422,\"publisher\":{\"@id\":\"https:\/\/sports.bwin.it\/it\/news\/#organization\"},\"articleSection\":[\"Campionato\",\"Serie A\",\"Calcio\"],\"inLanguage\":\"it-IT\",\"copyrightYear\":\"2025\",\"copyrightHolder\":{\"@id\":\"https:\/\/www.bwin.it\/it\/news\/#organization\"}},{\"@type\":\"WebPage\",\"@id\":\"https:\/\/www.bwin.it\/it\/news\/calcio\/amichevoli-estive-parma-2025\",\"url\":\"https:\/\/www.bwin.it\/it\/news\/calcio\/amichevoli-estive-parma-2025\",\"name\":\"Amichevoli estive Parma, il programma: avversari, date, luogo\",\"isPartOf\":{\"@id\":\"https:\/\/sports.bwin.it\/it\/news\/#website\"},\"datePublished\":\"2025-07-16T09:57:36+00:00\",\"dateModified\":\"2025-07-16T09:57:52+00:00\",\"description\":\"Le amichevoli estive del Parma condurranno i ducali verso l'esordio casalingo in campionato contro la Juventus.\",\"breadcrumb\":{\"@id\":\"https:\/\/www.bwin.it\/it\/news\/calcio\/amichevoli-estive-parma-2025#breadcrumb\"},\"inLanguage\":\"it-IT\",\"potentialAction\":[{\"@type\":\"ReadAction\",\"target\":[\"https:\/\/www.bwin.it\/it\/news\/calcio\/amichevoli-estive-parma-2025\"]}]},{\"@type\":\"BreadcrumbList\",\"@id\":\"https:\/\/www.bwin.it\/it\/news\/calcio\/amichevoli-estive-parma-2025#breadcrumb\",\"itemListElement\":[{\"@type\":\"ListItem\",\"position\":1,\"name\":\"Home\",\"item\":\"https:\/\/sports.bwin.it\/it\/news\/\"},{\"@type\":\"ListItem\",\"position\":2,\"name\":\"Calcio\",\"item\":\"https:\/\/sports.bwin.it\/it\/news\/calcio\"},{\"@type\":\"ListItem\",\"position\":3,\"name\":\"Le amichevoli del Parma: il programma completo della pre-season degli emiliani\"}]},{\"@type\":\"WebSite\",\"@id\":\"https:\/\/sports.bwin.it\/it\/news\/#website\",\"url\":\"https:\/\/sports.bwin.it\/it\/news\/\",\"name\":\"bwin news\",\"description\":\"\",\"publisher\":{\"@id\":\"https:\/\/sports.bwin.it\/it\/news\/#organization\"},\"potentialAction\":[{\"@type\":\"SearchAction\",\"target\":{\"@type\":\"EntryPoint\",\"urlTemplate\":\"https:\/\/sports.bwin.it\/it\/news\/?s={search_term_string}\"},\"query-input\":{\"@type\":\"PropertyValueSpecification\",\"valueRequired\":true,\"valueName\":\"search_term_string\"}}],\"inLanguage\":\"it-IT\"},{\"@type\":\"Organization\",\"@id\":\"https:\/\/sports.bwin.it\/it\/news\/#organization\",\"name\":\"bwin news\",\"url\":\"https:\/\/sports.bwin.it\/it\/news\/\",\"logo\":{\"@type\":\"ImageObject\",\"inLanguage\":\"it-IT\",\"@id\":\"https:\/\/sports.bwin.it\/it\/news\/#\/schema\/logo\/image\/\",\"url\":\"https:\/\/www.bwin.it\/it\/news\/wp-content\/uploads\/2023\/04\/cropped-1060x400-bwin.news_.png\",\"contentUrl\":\"https:\/\/www.bwin.it\/it\/news\/wp-content\/uploads\/2023\/04\/cropped-1060x400-bwin.news_.png\",\"width\":1060,\"height\":400,\"caption\":\"bwin news\"},\"image\":{\"@id\":\"https:\/\/sports.bwin.it\/it\/news\/#\/schema\/logo\/image\/\"}},{\"@type\":\"Person\",\"@id\":\"https:\/\/sports.bwin.it\/it\/news\/#\/schema\/person\/db105a6e65d2a35984016fda8f27055f\",\"name\":\"Massimiliano Ciancaglioni\",\"image\":{\"@type\":\"ImageObject\",\"inLanguage\":\"it-IT\",\"@id\":\"https:\/\/sports.bwin.it\/it\/news\/#\/schema\/person\/image\/\",\"url\":\"https:\/\/secure.gravatar.com\/avatar\/5b7a43aa41e6bc490686a2996bf0f38e?s=96&d=mm&r=g\",\"contentUrl\":\"https:\/\/secure.gravatar.com\/avatar\/5b7a43aa41e6bc490686a2996bf0f38e?s=96&d=mm&r=g\",\"caption\":\"Massimiliano Ciancaglioni\"},\"description\":\"Classe 1995, nato e cresciuto a Roma, si \u00e8 laureato in Editoria e Scrittura alla Sapienza. Dal 2019 lavora come redattore freelance occupandosi soprattutto di sport e come copywriter in ambito betting, ma scrive anche di economia e attualit\u00e0. Nel tempo libero ama individuare luoghi che non conosce per organizzare i suoi prossimi viaggi, la sua seconda passione dopo il calcio.\",\"url\":\"https:\/\/www.bwin.it\/it\/news\/author\/m-ciancaglioni\"}]}<\/script>\n<!-- \/ Yoast SEO plugin. -->","yoast_head_json":{"title":"Amichevoli estive Parma, il programma: avversari, date, luogo","description":"Le amichevoli estive del Parma condurranno i ducali verso l'esordio casalingo in campionato contro la Juventus.","robots":{"index":"index","follow":"follow","max-snippet":"max-snippet:-1","max-image-preview":"max-image-preview:large","max-video-preview":"max-video-preview:-1"},"canonical":"https:\/\/www.bwin.it\/it\/news\/calcio\/amichevoli-estive-parma-2025","og_locale":"it_IT","og_type":"article","og_title":"Amichevoli estive Parma, il programma: avversari, date, luogo","og_description":"Le amichevoli estive del Parma condurranno i ducali verso l'esordio casalingo in campionato contro la Juventus.","og_url":"https:\/\/www.bwin.it\/it\/news\/calcio\/amichevoli-estive-parma-2025","og_site_name":"bwin news","article_published_time":"2025-07-16T09:57:36+00:00","article_modified_time":"2025-07-16T09:57:52+00:00","author":"Massimiliano Ciancaglioni","twitter_misc":{"Scritto da":"Massimiliano Ciancaglioni","Tempo di lettura stimato":"3 minuti"},"schema":{"@context":"https:\/\/schema.org","@graph":[{"@type":"Article","@id":"https:\/\/www.bwin.it\/it\/news\/calcio\/amichevoli-estive-parma-2025#article","isPartOf":{"@id":"https:\/\/www.bwin.it\/it\/news\/calcio\/amichevoli-estive-parma-2025"},"author":{"name":"Massimiliano Ciancaglioni","@id":"https:\/\/sports.bwin.it\/it\/news\/#\/schema\/person\/db105a6e65d2a35984016fda8f27055f"},"headline":"Le amichevoli del Parma: il programma completo della pre-season degli emiliani","datePublished":"2025-07-16T09:57:36+00:00","dateModified":"2025-07-16T09:57:52+00:00","mainEntityOfPage":{"@id":"https:\/\/www.bwin.it\/it\/news\/calcio\/amichevoli-estive-parma-2025"},"wordCount":422,"publisher":{"@id":"https:\/\/sports.bwin.it\/it\/news\/#organization"},"articleSection":["Campionato","Serie A","Calcio"],"inLanguage":"it-IT","copyrightYear":"2025","copyrightHolder":{"@id":"https:\/\/www.bwin.it\/it\/news\/#organization"}},{"@type":"WebPage","@id":"https:\/\/www.bwin.it\/it\/news\/calcio\/amichevoli-estive-parma-2025","url":"https:\/\/www.bwin.it\/it\/news\/calcio\/amichevoli-estive-parma-2025","name":"Amichevoli estive Parma, il programma: avversari, date, luogo","isPartOf":{"@id":"https:\/\/sports.bwin.it\/it\/news\/#website"},"datePublished":"2025-07-16T09:57:36+00:00","dateModified":"2025-07-16T09:57:52+00:00","description":"Le amichevoli estive del Parma condurranno i ducali verso l'esordio casalingo in campionato contro la Juventus.","breadcrumb":{"@id":"https:\/\/www.bwin.it\/it\/news\/calcio\/amichevoli-estive-parma-2025#breadcrumb"},"inLanguage":"it-IT","potentialAction":[{"@type":"ReadAction","target":["https:\/\/www.bwin.it\/it\/news\/calcio\/amichevoli-estive-parma-2025"]}]},{"@type":"BreadcrumbList","@id":"https:\/\/www.bwin.it\/it\/news\/calcio\/amichevoli-estive-parma-2025#breadcrumb","itemListElement":[{"@type":"ListItem","position":1,"name":"Home","item":"https:\/\/sports.bwin.it\/it\/news\/"},{"@type":"ListItem","position":2,"name":"Calcio","item":"https:\/\/sports.bwin.it\/it\/news\/calcio"},{"@type":"ListItem","position":3,"name":"Le amichevoli del Parma: il programma completo della pre-season degli emiliani"}]},{"@type":"WebSite","@id":"https:\/\/sports.bwin.it\/it\/news\/#website","url":"https:\/\/sports.bwin.it\/it\/news\/","name":"bwin news","description":"","publisher":{"@id":"https:\/\/sports.bwin.it\/it\/news\/#organization"},"potentialAction":[{"@type":"SearchAction","target":{"@type":"EntryPoint","urlTemplate":"https:\/\/sports.bwin.it\/it\/news\/?s={search_term_string}"},"query-input":{"@type":"PropertyValueSpecification","valueRequired":true,"valueName":"search_term_string"}}],"inLanguage":"it-IT"},{"@type":"Organization","@id":"https:\/\/sports.bwin.it\/it\/news\/#organization","name":"bwin news","url":"https:\/\/sports.bwin.it\/it\/news\/","logo":{"@type":"ImageObject","inLanguage":"it-IT","@id":"https:\/\/sports.bwin.it\/it\/news\/#\/schema\/logo\/image\/","url":"https:\/\/www.bwin.it\/it\/news\/wp-content\/uploads\/2023\/04\/cropped-1060x400-bwin.news_.png","contentUrl":"https:\/\/www.bwin.it\/it\/news\/wp-content\/uploads\/2023\/04\/cropped-1060x400-bwin.news_.png","width":1060,"height":400,"caption":"bwin news"},"image":{"@id":"https:\/\/sports.bwin.it\/it\/news\/#\/schema\/logo\/image\/"}},{"@type":"Person","@id":"https:\/\/sports.bwin.it\/it\/news\/#\/schema\/person\/db105a6e65d2a35984016fda8f27055f","name":"Massimiliano Ciancaglioni","image":{"@type":"ImageObject","inLanguage":"it-IT","@id":"https:\/\/sports.bwin.it\/it\/news\/#\/schema\/person\/image\/","url":"https:\/\/secure.gravatar.com\/avatar\/5b7a43aa41e6bc490686a2996bf0f38e?s=96&d=mm&r=g","contentUrl":"https:\/\/secure.gravatar.com\/avatar\/5b7a43aa41e6bc490686a2996bf0f38e?s=96&d=mm&r=g","caption":"Massimiliano Ciancaglioni"},"description":"Classe 1995, nato e cresciuto a Roma, si \u00e8 laureato in Editoria e Scrittura alla Sapienza. Dal 2019 lavora come redattore freelance occupandosi soprattutto di sport e come copywriter in ambito betting, ma scrive anche di economia e attualit\u00e0. Nel tempo libero ama individuare luoghi che non conosce per organizzare i suoi prossimi viaggi, la sua seconda passione dopo il calcio.","url":"https:\/\/www.bwin.it\/it\/news\/author\/m-ciancaglioni"}]}},"_links":{"self":[{"href":"https:\/\/www.bwin.it\/it\/news\/wp-json\/wp\/v2\/posts\/572314","targetHints":{"allow":["GET"]}}],"collection":[{"href":"https:\/\/www.bwin.it\/it\/news\/wp-json\/wp\/v2\/posts"}],"about":[{"href":"https:\/\/www.bwin.it\/it\/news\/wp-json\/wp\/v2\/types\/post"}],"author":[{"embeddable":true,"href":"https:\/\/www.bwin.it\/it\/news\/wp-json\/wp\/v2\/users\/222"}],"replies":[{"embeddable":true,"href":"https:\/\/www.bwin.it\/it\/news\/wp-json\/wp\/v2\/comments?post=572314"}],"version-history":[{"count":6,"href":"https:\/\/www.bwin.it\/it\/news\/wp-json\/wp\/v2\/posts\/572314\/revisions"}],"predecessor-version":[{"id":572358,"href":"https:\/\/www.bwin.it\/it\/news\/wp-json\/wp\/v2\/posts\/572314\/revisions\/572358"}],"wp:attachment":[{"href":"https:\/\/www.bwin.it\/it\/news\/wp-json\/wp\/v2\/media?parent=572314"}],"wp:term":[{"taxonomy":"category","embeddable":true,"href":"https:\/\/www.bwin.it\/it\/news\/wp-json\/wp\/v2\/categories?post=572314"},{"taxonomy":"post_tag","embeddable":true,"href":"https:\/\/www.bwin.it\/it\/news\/wp-json\/wp\/v2\/tags?post=572314"}],"curies":[{"name":"wp","href":"https:\/\/api.w.org\/{rel}","templated":true}]}}