{"id":76949,"date":"2016-04-03T14:35:45","date_gmt":"2016-04-03T12:35:45","guid":{"rendered":"http:\/\/news.bwin.it\/?p=76949"},"modified":"2016-04-04T12:59:55","modified_gmt":"2016-04-04T10:59:55","slug":"francia-benzema-puo-restare-fuori-europeo","status":"publish","type":"post","link":"https:\/\/www.bwin.it\/it\/news\/calcio\/internazionali\/euro-2016\/francia-benzema-puo-restare-fuori-europeo","title":{"rendered":"Un Benzema cos\u00ec pu\u00f2 restare fuori dall&#8217;Europeo?"},"content":{"rendered":"<p><strong>Il francese incanta con il Real Madrid, ma dopo lo scandalo con Valbuena rischia la kermesse casalinga<\/strong><\/p>\n<p>&#8220;Benzema? Sono stanco di questo argomento. Sono qua per scegliere ed \u00e8 quello che far\u00f2. Quando sar\u00e0 il momento decider\u00f2&#8221;. Didier Deschamps, ct della Francia, non sembra lasciare molto spazio alle interpretazioni: quando sar\u00e0 il momento di scegliere i &#8220;magnifici 23&#8221; per Euro 2016, si sapr\u00e0 se Benzema sar\u00e0 dentro o fuori.<\/p>\n<p>Questo perch\u00e9, dopo lo scandalo con Valbuena, dove sembra che l&#8217;attaccante del Real Madrid abbia ricattato il compagno di nazionale per un video a luci rosse, Deschamps non ha convocato pi\u00f9 nessuno dei due tra i Bleu.<\/p>\n<p>Eh dire che proprio lo scorso ottobre Benzema aveva ritrovato il gol in nazionale dopo un anno, nel 4-0 contro l&#8217;Armenia (peraltro era una doppietta), facendo sognare tutti i tifosi dei galletti per un Europeo da protagonisti.<\/p>\n<p>Per Didier Deschamps era importantissimo che il centravanti del Real Madrid fosse tornato &#8220;sul pezzo&#8221;, dato che sarebbe stato proprio lui, nelle idee del tecnico, a guidare un reparto avanzato tanto talentuoso quanto giovane. Per questo resta comunque difficile ipotizzare una sua esclusione.<\/p>\n<figure id=\"attachment_76303\" aria-describedby=\"caption-attachment-76303\" style=\"width: 1990px\" class=\"wp-caption alignnone\"><a href=\"https:\/\/s3-eu-west-1.amazonaws.com\/bwinnewsprod\/it\/uploads\/2015\/09\/Benzema-e-Ronaldo.jpg\"><img loading=\"lazy\" decoding=\"async\" class=\"size-full wp-image-76303\" src=\"https:\/\/s3-eu-west-1.amazonaws.com\/bwinnewsprod\/it\/uploads\/2015\/09\/Benzema-e-Ronaldo.jpg\" alt=\"Benzema e CR7: e il &quot;clasico&quot; \u00e8 del Real Madrid...\" width=\"2000\" height=\"1333\" \/><\/a><figcaption id=\"caption-attachment-76303\" class=\"wp-caption-text\">Benzema e CR7: e il &#8220;clasico&#8221; \u00e8 del Real Madrid&#8230;<\/figcaption><\/figure>\n<p>Benzema, reduce dal gol dell&#8217;1-1 nel &#8220;clasico&#8221; vinto dal suo Real Madrid contro il Barcellona, e autore di ben 21 reti nel campionato spagnolo, non vede l&#8217;ora del &#8220;condono&#8221; e di guidare la sua nazionale alla vittoria dell&#8217;Europeo.<br \/>\nEffettivamente, con Griezmann, Martial e Coman il parco offensivo a disposizione di Deschamps \u00e8 devastante, e pochi alla kermesse iridata possono vantare una cos\u00ec vasta variet\u00e0 di soluzioni.<\/p>\n<p>Nel caso, comunque, una puntata su Benzema capocannoniere di Euro 2016 non \u00e8 una puntata cos\u00ec sbagliata. Carico e furioso, non \u00e8 impensabile che il talento scuola Lione venga re-inserito in squadra e che disputi un Europeo da protagonista: la quota di 14\/1 fa proprio gola.<\/p>\n","protected":false},"excerpt":{"rendered":"<p>Il francese incanta con il Real Madrid, ma dopo lo scandalo con Valbuena rischia la kermesse casalinga &#8220;Benzema? Sono stanco di questo argomento. Sono qua per scegliere ed \u00e8 quello che far\u00f2. Quando sar\u00e0 il momento decider\u00f2&#8221;. Didier Deschamps, ct della Francia, non sembra lasciare molto spazio alle interpretazioni: quando &#8230; <a title=\"Un Benzema cos\u00ec pu\u00f2 restare fuori dall&#8217;Europeo?\" class=\"read-more\" href=\"https:\/\/www.bwin.it\/it\/news\/calcio\/internazionali\/euro-2016\/francia-benzema-puo-restare-fuori-europeo\" aria-label=\"Per saperne di pi\u00f9 su Un Benzema cos\u00ec pu\u00f2 restare fuori dall&#8217;Europeo?\">Leggi tutto<\/a><\/p>\n","protected":false},"author":124,"featured_media":76951,"comment_status":"open","ping_status":"closed","sticky":false,"template":"","format":"standard","meta":{"_acf_changed":false,"footnotes":""},"categories":[2828],"tags":[],"class_list":["post-76949","post","type-post","status-publish","format-standard","has-post-thumbnail","hentry","category-euro-2016","generate-columns","tablet-grid-50","mobile-grid-100","grid-parent","grid-50","no-featured-image-padding"],"acf":[],"yoast_head":"<!-- This site is optimized with the Yoast SEO plugin v24.3 - https:\/\/yoast.com\/wordpress\/plugins\/seo\/ -->\n<title>Un Benzema cos\u00ec pu\u00f2 restare fuori dall&#039;Europeo?<\/title>\n<meta name=\"description\" content=\"Un Benzema cos\u00ec pu\u00f2 restare fuori dall&#039;Europeo? Il francese incanta con il Real Madrid, ma dopo lo scandalo con Valbuena rischia la kermesse casalinga\" \/>\n<meta name=\"robots\" content=\"index, follow, max-snippet:-1, max-image-preview:large, max-video-preview:-1\" \/>\n<link rel=\"canonical\" href=\"https:\/\/www.bwin.it\/it\/news\/calcio\/internazionali\/euro-2016\/francia-benzema-puo-restare-fuori-europeo\" \/>\n<meta property=\"og:locale\" content=\"it_IT\" \/>\n<meta property=\"og:type\" content=\"article\" \/>\n<meta property=\"og:title\" content=\"Un Benzema cos\u00ec pu\u00f2 restare fuori dall&#039;Europeo?\" \/>\n<meta property=\"og:description\" content=\"Un Benzema cos\u00ec pu\u00f2 restare fuori dall&#039;Europeo? Il francese incanta con il Real Madrid, ma dopo lo scandalo con Valbuena rischia la kermesse casalinga\" \/>\n<meta property=\"og:url\" content=\"https:\/\/sports.bwin.it\/it\/news\/calcio\/internazionali\/euro-2016\/francia-benzema-puo-restare-fuori-europeo\" \/>\n<meta property=\"og:site_name\" content=\"bwin news\" \/>\n<meta property=\"article:published_time\" content=\"2016-04-03T12:35:45+00:00\" \/>\n<meta property=\"article:modified_time\" content=\"2016-04-04T10:59:55+00:00\" \/>\n<meta property=\"og:image\" content=\"https:\/\/newscdn.fitting-solutions.at\/it\/uploads\/2015\/10\/GettyImages-491868378.jpg?strip=all&lossy=1&ssl=1\" \/>\n\t<meta property=\"og:image:width\" content=\"3000\" \/>\n\t<meta property=\"og:image:height\" content=\"2000\" \/>\n\t<meta property=\"og:image:type\" content=\"image\/jpeg\" \/>\n<meta name=\"author\" content=\"Andrea Repossi - Datasport\" \/>\n<meta name=\"twitter:label1\" content=\"Scritto da\" \/>\n\t<meta name=\"twitter:data1\" content=\"Andrea Repossi - Datasport\" \/>\n\t<meta name=\"twitter:label2\" content=\"Tempo di lettura stimato\" \/>\n\t<meta name=\"twitter:data2\" content=\"2 minuti\" \/>\n<script type=\"application\/ld+json\" class=\"yoast-schema-graph\">{\"@context\":\"https:\/\/schema.org\",\"@graph\":[{\"@type\":\"Article\",\"@id\":\"https:\/\/sports.bwin.it\/it\/news\/calcio\/internazionali\/euro-2016\/francia-benzema-puo-restare-fuori-europeo#article\",\"isPartOf\":{\"@id\":\"https:\/\/sports.bwin.it\/it\/news\/calcio\/internazionali\/euro-2016\/francia-benzema-puo-restare-fuori-europeo\"},\"author\":{\"name\":\"Andrea Repossi - Datasport\",\"@id\":\"https:\/\/sports.bwin.it\/it\/news\/#\/schema\/person\/c70a23fae962eaa8371ac50751cba863\"},\"headline\":\"Un Benzema cos\u00ec pu\u00f2 restare fuori dall&#8217;Europeo?\",\"datePublished\":\"2016-04-03T12:35:45+00:00\",\"dateModified\":\"2016-04-04T10:59:55+00:00\",\"mainEntityOfPage\":{\"@id\":\"https:\/\/sports.bwin.it\/it\/news\/calcio\/internazionali\/euro-2016\/francia-benzema-puo-restare-fuori-europeo\"},\"wordCount\":313,\"commentCount\":0,\"publisher\":{\"@id\":\"https:\/\/sports.bwin.it\/it\/news\/#organization\"},\"image\":{\"@id\":\"https:\/\/sports.bwin.it\/it\/news\/calcio\/internazionali\/euro-2016\/francia-benzema-puo-restare-fuori-europeo#primaryimage\"},\"thumbnailUrl\":\"https:\/\/www.bwin.it\/it\/news\/wp-content\/uploads\/2015\/10\/GettyImages-491868378.jpg\",\"articleSection\":[\"Euro 2016\"],\"inLanguage\":\"it-IT\",\"copyrightYear\":\"2016\",\"copyrightHolder\":{\"@id\":\"https:\/\/www.bwin.it\/it\/news\/#organization\"}},{\"@type\":\"WebPage\",\"@id\":\"https:\/\/sports.bwin.it\/it\/news\/calcio\/internazionali\/euro-2016\/francia-benzema-puo-restare-fuori-europeo\",\"url\":\"https:\/\/sports.bwin.it\/it\/news\/calcio\/internazionali\/euro-2016\/francia-benzema-puo-restare-fuori-europeo\",\"name\":\"Un Benzema cos\u00ec pu\u00f2 restare fuori dall'Europeo?\",\"isPartOf\":{\"@id\":\"https:\/\/sports.bwin.it\/it\/news\/#website\"},\"primaryImageOfPage\":{\"@id\":\"https:\/\/sports.bwin.it\/it\/news\/calcio\/internazionali\/euro-2016\/francia-benzema-puo-restare-fuori-europeo#primaryimage\"},\"image\":{\"@id\":\"https:\/\/sports.bwin.it\/it\/news\/calcio\/internazionali\/euro-2016\/francia-benzema-puo-restare-fuori-europeo#primaryimage\"},\"thumbnailUrl\":\"https:\/\/www.bwin.it\/it\/news\/wp-content\/uploads\/2015\/10\/GettyImages-491868378.jpg\",\"datePublished\":\"2016-04-03T12:35:45+00:00\",\"dateModified\":\"2016-04-04T10:59:55+00:00\",\"description\":\"Un Benzema cos\u00ec pu\u00f2 restare fuori dall'Europeo? Il francese incanta con il Real Madrid, ma dopo lo scandalo con Valbuena rischia la kermesse casalinga\",\"breadcrumb\":{\"@id\":\"https:\/\/sports.bwin.it\/it\/news\/calcio\/internazionali\/euro-2016\/francia-benzema-puo-restare-fuori-europeo#breadcrumb\"},\"inLanguage\":\"it-IT\",\"potentialAction\":[{\"@type\":\"ReadAction\",\"target\":[\"https:\/\/sports.bwin.it\/it\/news\/calcio\/internazionali\/euro-2016\/francia-benzema-puo-restare-fuori-europeo\"]}]},{\"@type\":\"ImageObject\",\"inLanguage\":\"it-IT\",\"@id\":\"https:\/\/sports.bwin.it\/it\/news\/calcio\/internazionali\/euro-2016\/francia-benzema-puo-restare-fuori-europeo#primaryimage\",\"url\":\"https:\/\/www.bwin.it\/it\/news\/wp-content\/uploads\/2015\/10\/GettyImages-491868378.jpg\",\"contentUrl\":\"https:\/\/www.bwin.it\/it\/news\/wp-content\/uploads\/2015\/10\/GettyImages-491868378.jpg\",\"width\":3000,\"height\":2000,\"caption\":\"Niente nazionale per Benzema\"},{\"@type\":\"BreadcrumbList\",\"@id\":\"https:\/\/sports.bwin.it\/it\/news\/calcio\/internazionali\/euro-2016\/francia-benzema-puo-restare-fuori-europeo#breadcrumb\",\"itemListElement\":[{\"@type\":\"ListItem\",\"position\":1,\"name\":\"Home\",\"item\":\"https:\/\/sports.bwin.it\/it\/news\/\"},{\"@type\":\"ListItem\",\"position\":2,\"name\":\"Calcio\",\"item\":\"https:\/\/sports.bwin.it\/it\/news\/calcio\"},{\"@type\":\"ListItem\",\"position\":3,\"name\":\"Internazionali\",\"item\":\"https:\/\/sports.bwin.it\/it\/news\/calcio\/internazionali\"},{\"@type\":\"ListItem\",\"position\":4,\"name\":\"Euro 2016\",\"item\":\"https:\/\/sports.bwin.it\/it\/news\/calcio\/internazionali\/euro-2016\"},{\"@type\":\"ListItem\",\"position\":5,\"name\":\"Un Benzema cos\u00ec pu\u00f2 restare fuori dall&#8217;Europeo?\"}]},{\"@type\":\"WebSite\",\"@id\":\"https:\/\/sports.bwin.it\/it\/news\/#website\",\"url\":\"https:\/\/sports.bwin.it\/it\/news\/\",\"name\":\"bwin news\",\"description\":\"\",\"publisher\":{\"@id\":\"https:\/\/sports.bwin.it\/it\/news\/#organization\"},\"potentialAction\":[{\"@type\":\"SearchAction\",\"target\":{\"@type\":\"EntryPoint\",\"urlTemplate\":\"https:\/\/sports.bwin.it\/it\/news\/?s={search_term_string}\"},\"query-input\":{\"@type\":\"PropertyValueSpecification\",\"valueRequired\":true,\"valueName\":\"search_term_string\"}}],\"inLanguage\":\"it-IT\"},{\"@type\":\"Organization\",\"@id\":\"https:\/\/sports.bwin.it\/it\/news\/#organization\",\"name\":\"bwin news\",\"url\":\"https:\/\/sports.bwin.it\/it\/news\/\",\"logo\":{\"@type\":\"ImageObject\",\"inLanguage\":\"it-IT\",\"@id\":\"https:\/\/sports.bwin.it\/it\/news\/#\/schema\/logo\/image\/\",\"url\":\"https:\/\/www.bwin.it\/it\/news\/wp-content\/uploads\/2023\/04\/cropped-1060x400-bwin.news_.png\",\"contentUrl\":\"https:\/\/www.bwin.it\/it\/news\/wp-content\/uploads\/2023\/04\/cropped-1060x400-bwin.news_.png\",\"width\":1060,\"height\":400,\"caption\":\"bwin news\"},\"image\":{\"@id\":\"https:\/\/sports.bwin.it\/it\/news\/#\/schema\/logo\/image\/\"}},{\"@type\":\"Person\",\"@id\":\"https:\/\/sports.bwin.it\/it\/news\/#\/schema\/person\/c70a23fae962eaa8371ac50751cba863\",\"name\":\"Andrea Repossi - Datasport\",\"image\":{\"@type\":\"ImageObject\",\"inLanguage\":\"it-IT\",\"@id\":\"https:\/\/sports.bwin.it\/it\/news\/#\/schema\/person\/image\/\",\"url\":\"https:\/\/secure.gravatar.com\/avatar\/23445e52bb8ed283804552d9a677981a?s=96&d=mm&r=g\",\"contentUrl\":\"https:\/\/secure.gravatar.com\/avatar\/23445e52bb8ed283804552d9a677981a?s=96&d=mm&r=g\",\"caption\":\"Andrea Repossi - Datasport\"},\"description\":\"Nato a Milano e cresciuto a pane&amp;pallone fin da bimbo, si \u00e8 laureato in Lettere e Filosofia con una tesi sul \\\"calcio spezzatino\\\". Ha collaborato per anni in redazioni sportive online e cartacee, fino a sublimare la sua maniacale passione per il calcio e le scommesse unendosi alla banda di bwin. In mezzo, un anno di migrazione in Sudamerica tra Argentina, Uruguay e Brasile: l\u00e0 dove nascono i veri talenti!\",\"url\":\"https:\/\/www.bwin.it\/it\/news\/author\/andrea-repossi\"}]}<\/script>\n<!-- \/ Yoast SEO plugin. -->","yoast_head_json":{"title":"Un Benzema cos\u00ec pu\u00f2 restare fuori dall'Europeo?","description":"Un Benzema cos\u00ec pu\u00f2 restare fuori dall'Europeo? Il francese incanta con il Real Madrid, ma dopo lo scandalo con Valbuena rischia la kermesse casalinga","robots":{"index":"index","follow":"follow","max-snippet":"max-snippet:-1","max-image-preview":"max-image-preview:large","max-video-preview":"max-video-preview:-1"},"canonical":"https:\/\/www.bwin.it\/it\/news\/calcio\/internazionali\/euro-2016\/francia-benzema-puo-restare-fuori-europeo","og_locale":"it_IT","og_type":"article","og_title":"Un Benzema cos\u00ec pu\u00f2 restare fuori dall'Europeo?","og_description":"Un Benzema cos\u00ec pu\u00f2 restare fuori dall'Europeo? Il francese incanta con il Real Madrid, ma dopo lo scandalo con Valbuena rischia la kermesse casalinga","og_url":"https:\/\/sports.bwin.it\/it\/news\/calcio\/internazionali\/euro-2016\/francia-benzema-puo-restare-fuori-europeo","og_site_name":"bwin news","article_published_time":"2016-04-03T12:35:45+00:00","article_modified_time":"2016-04-04T10:59:55+00:00","og_image":[{"width":3000,"height":2000,"url":"https:\/\/newscdn.fitting-solutions.at\/it\/uploads\/2015\/10\/GettyImages-491868378.jpg?strip=all&lossy=1&ssl=1","type":"image\/jpeg"}],"author":"Andrea Repossi - Datasport","twitter_misc":{"Scritto da":"Andrea Repossi - Datasport","Tempo di lettura stimato":"2 minuti"},"schema":{"@context":"https:\/\/schema.org","@graph":[{"@type":"Article","@id":"https:\/\/sports.bwin.it\/it\/news\/calcio\/internazionali\/euro-2016\/francia-benzema-puo-restare-fuori-europeo#article","isPartOf":{"@id":"https:\/\/sports.bwin.it\/it\/news\/calcio\/internazionali\/euro-2016\/francia-benzema-puo-restare-fuori-europeo"},"author":{"name":"Andrea Repossi - Datasport","@id":"https:\/\/sports.bwin.it\/it\/news\/#\/schema\/person\/c70a23fae962eaa8371ac50751cba863"},"headline":"Un Benzema cos\u00ec pu\u00f2 restare fuori dall&#8217;Europeo?","datePublished":"2016-04-03T12:35:45+00:00","dateModified":"2016-04-04T10:59:55+00:00","mainEntityOfPage":{"@id":"https:\/\/sports.bwin.it\/it\/news\/calcio\/internazionali\/euro-2016\/francia-benzema-puo-restare-fuori-europeo"},"wordCount":313,"commentCount":0,"publisher":{"@id":"https:\/\/sports.bwin.it\/it\/news\/#organization"},"image":{"@id":"https:\/\/sports.bwin.it\/it\/news\/calcio\/internazionali\/euro-2016\/francia-benzema-puo-restare-fuori-europeo#primaryimage"},"thumbnailUrl":"https:\/\/www.bwin.it\/it\/news\/wp-content\/uploads\/2015\/10\/GettyImages-491868378.jpg","articleSection":["Euro 2016"],"inLanguage":"it-IT","copyrightYear":"2016","copyrightHolder":{"@id":"https:\/\/www.bwin.it\/it\/news\/#organization"}},{"@type":"WebPage","@id":"https:\/\/sports.bwin.it\/it\/news\/calcio\/internazionali\/euro-2016\/francia-benzema-puo-restare-fuori-europeo","url":"https:\/\/sports.bwin.it\/it\/news\/calcio\/internazionali\/euro-2016\/francia-benzema-puo-restare-fuori-europeo","name":"Un Benzema cos\u00ec pu\u00f2 restare fuori dall'Europeo?","isPartOf":{"@id":"https:\/\/sports.bwin.it\/it\/news\/#website"},"primaryImageOfPage":{"@id":"https:\/\/sports.bwin.it\/it\/news\/calcio\/internazionali\/euro-2016\/francia-benzema-puo-restare-fuori-europeo#primaryimage"},"image":{"@id":"https:\/\/sports.bwin.it\/it\/news\/calcio\/internazionali\/euro-2016\/francia-benzema-puo-restare-fuori-europeo#primaryimage"},"thumbnailUrl":"https:\/\/www.bwin.it\/it\/news\/wp-content\/uploads\/2015\/10\/GettyImages-491868378.jpg","datePublished":"2016-04-03T12:35:45+00:00","dateModified":"2016-04-04T10:59:55+00:00","description":"Un Benzema cos\u00ec pu\u00f2 restare fuori dall'Europeo? Il francese incanta con il Real Madrid, ma dopo lo scandalo con Valbuena rischia la kermesse casalinga","breadcrumb":{"@id":"https:\/\/sports.bwin.it\/it\/news\/calcio\/internazionali\/euro-2016\/francia-benzema-puo-restare-fuori-europeo#breadcrumb"},"inLanguage":"it-IT","potentialAction":[{"@type":"ReadAction","target":["https:\/\/sports.bwin.it\/it\/news\/calcio\/internazionali\/euro-2016\/francia-benzema-puo-restare-fuori-europeo"]}]},{"@type":"ImageObject","inLanguage":"it-IT","@id":"https:\/\/sports.bwin.it\/it\/news\/calcio\/internazionali\/euro-2016\/francia-benzema-puo-restare-fuori-europeo#primaryimage","url":"https:\/\/www.bwin.it\/it\/news\/wp-content\/uploads\/2015\/10\/GettyImages-491868378.jpg","contentUrl":"https:\/\/www.bwin.it\/it\/news\/wp-content\/uploads\/2015\/10\/GettyImages-491868378.jpg","width":3000,"height":2000,"caption":"Niente nazionale per Benzema"},{"@type":"BreadcrumbList","@id":"https:\/\/sports.bwin.it\/it\/news\/calcio\/internazionali\/euro-2016\/francia-benzema-puo-restare-fuori-europeo#breadcrumb","itemListElement":[{"@type":"ListItem","position":1,"name":"Home","item":"https:\/\/sports.bwin.it\/it\/news\/"},{"@type":"ListItem","position":2,"name":"Calcio","item":"https:\/\/sports.bwin.it\/it\/news\/calcio"},{"@type":"ListItem","position":3,"name":"Internazionali","item":"https:\/\/sports.bwin.it\/it\/news\/calcio\/internazionali"},{"@type":"ListItem","position":4,"name":"Euro 2016","item":"https:\/\/sports.bwin.it\/it\/news\/calcio\/internazionali\/euro-2016"},{"@type":"ListItem","position":5,"name":"Un Benzema cos\u00ec pu\u00f2 restare fuori dall&#8217;Europeo?"}]},{"@type":"WebSite","@id":"https:\/\/sports.bwin.it\/it\/news\/#website","url":"https:\/\/sports.bwin.it\/it\/news\/","name":"bwin news","description":"","publisher":{"@id":"https:\/\/sports.bwin.it\/it\/news\/#organization"},"potentialAction":[{"@type":"SearchAction","target":{"@type":"EntryPoint","urlTemplate":"https:\/\/sports.bwin.it\/it\/news\/?s={search_term_string}"},"query-input":{"@type":"PropertyValueSpecification","valueRequired":true,"valueName":"search_term_string"}}],"inLanguage":"it-IT"},{"@type":"Organization","@id":"https:\/\/sports.bwin.it\/it\/news\/#organization","name":"bwin news","url":"https:\/\/sports.bwin.it\/it\/news\/","logo":{"@type":"ImageObject","inLanguage":"it-IT","@id":"https:\/\/sports.bwin.it\/it\/news\/#\/schema\/logo\/image\/","url":"https:\/\/www.bwin.it\/it\/news\/wp-content\/uploads\/2023\/04\/cropped-1060x400-bwin.news_.png","contentUrl":"https:\/\/www.bwin.it\/it\/news\/wp-content\/uploads\/2023\/04\/cropped-1060x400-bwin.news_.png","width":1060,"height":400,"caption":"bwin news"},"image":{"@id":"https:\/\/sports.bwin.it\/it\/news\/#\/schema\/logo\/image\/"}},{"@type":"Person","@id":"https:\/\/sports.bwin.it\/it\/news\/#\/schema\/person\/c70a23fae962eaa8371ac50751cba863","name":"Andrea Repossi - Datasport","image":{"@type":"ImageObject","inLanguage":"it-IT","@id":"https:\/\/sports.bwin.it\/it\/news\/#\/schema\/person\/image\/","url":"https:\/\/secure.gravatar.com\/avatar\/23445e52bb8ed283804552d9a677981a?s=96&d=mm&r=g","contentUrl":"https:\/\/secure.gravatar.com\/avatar\/23445e52bb8ed283804552d9a677981a?s=96&d=mm&r=g","caption":"Andrea Repossi - Datasport"},"description":"Nato a Milano e cresciuto a pane&amp;pallone fin da bimbo, si \u00e8 laureato in Lettere e Filosofia con una tesi sul \"calcio spezzatino\". Ha collaborato per anni in redazioni sportive online e cartacee, fino a sublimare la sua maniacale passione per il calcio e le scommesse unendosi alla banda di bwin. In mezzo, un anno di migrazione in Sudamerica tra Argentina, Uruguay e Brasile: l\u00e0 dove nascono i veri talenti!","url":"https:\/\/www.bwin.it\/it\/news\/author\/andrea-repossi"}]}},"_links":{"self":[{"href":"https:\/\/www.bwin.it\/it\/news\/wp-json\/wp\/v2\/posts\/76949","targetHints":{"allow":["GET"]}}],"collection":[{"href":"https:\/\/www.bwin.it\/it\/news\/wp-json\/wp\/v2\/posts"}],"about":[{"href":"https:\/\/www.bwin.it\/it\/news\/wp-json\/wp\/v2\/types\/post"}],"author":[{"embeddable":true,"href":"https:\/\/www.bwin.it\/it\/news\/wp-json\/wp\/v2\/users\/124"}],"replies":[{"embeddable":true,"href":"https:\/\/www.bwin.it\/it\/news\/wp-json\/wp\/v2\/comments?post=76949"}],"version-history":[{"count":3,"href":"https:\/\/www.bwin.it\/it\/news\/wp-json\/wp\/v2\/posts\/76949\/revisions"}],"predecessor-version":[{"id":86779,"href":"https:\/\/www.bwin.it\/it\/news\/wp-json\/wp\/v2\/posts\/76949\/revisions\/86779"}],"wp:featuredmedia":[{"embeddable":true,"href":"https:\/\/www.bwin.it\/it\/news\/wp-json\/wp\/v2\/media\/76951"}],"wp:attachment":[{"href":"https:\/\/www.bwin.it\/it\/news\/wp-json\/wp\/v2\/media?parent=76949"}],"wp:term":[{"taxonomy":"category","embeddable":true,"href":"https:\/\/www.bwin.it\/it\/news\/wp-json\/wp\/v2\/categories?post=76949"},{"taxonomy":"post_tag","embeddable":true,"href":"https:\/\/www.bwin.it\/it\/news\/wp-json\/wp\/v2\/tags?post=76949"}],"curies":[{"name":"wp","href":"https:\/\/api.w.org\/{rel}","templated":true}]}}