{"id":79617,"date":"2015-11-17T15:56:02","date_gmt":"2015-11-17T14:56:02","guid":{"rendered":"http:\/\/news.bwin.it\/?p=79617"},"modified":"2015-11-18T11:44:56","modified_gmt":"2015-11-18T10:44:56","slug":"franco-vazquez-e-quel-cielo-che-da-azzurro-diventa-rosanero","status":"publish","type":"post","link":"https:\/\/www.bwin.it\/it\/news\/calcio\/campionato\/franco-vazquez-e-quel-cielo-che-da-azzurro-diventa-rosanero","title":{"rendered":"Franco Vazquez e quel cielo che da azzurro diventa (rosa)nero"},"content":{"rendered":"<p class=\"p1\"><strong>Solo qualche mese fa l&#8217;attaccante oriundo era uno dei volti nuovi del calcio italiano e della Nazionale di Antonio Conte. Poi la separazione da Dybala e i malumori a Palermo ne hanno offuscato la stella<\/strong><!--more--><\/p>\n<p class=\"p1\">E fu cos\u00ec che dopo un&#8217;annata passata a volteggiare su ritmi latino-americani, baciati dal pi\u00f9 caldo e avvolgente sole del Sud Italia, Palermo si riscopr\u00ec per Franco Vazquez citt\u00e0 fredda e inospitale.<\/p>\n<p class=\"p1\">23 reti e 22 assist in due: questo il bottino messo insieme dall&#8217;oriundo azzurro e dal compagno di reparto Paulo Dybala nella scorsa stagione. Numeri che hanno fatto sognare i tifosi rosanero e hanno proiettato lo stesso Vazquez nel giro della Nazionale azzurra.<\/p>\n<p class=\"p1\">Certe storie d&#8217;amore per\u00f2 sono troppo belle per durare. I milioni della Juventus hanno rotto l&#8217;incanto, Dybala \u00e8 approdato a Torino alla corte dei campioni d&#8217;Italia e il &#8220;Mudo&#8221; si \u00e8 ritrovato improvvisamente solo.<\/p>\n<p class=\"p1\">Vazquez ha resistito in estate alla corte di parecchi dei cosiddetti top club italiani ed europei (merito anche del muro eretto da Maurizio Zamparini) e alla fine \u00e8 rimasto in Sicilia, pur orfano della sua animale gemella calcistica con cui tanto aveva impressionato, tanto da poter diventare un punto fermo della nuova Nazionale di Antonio Conte.<\/p>\n<figure id=\"attachment_79632\" aria-describedby=\"caption-attachment-79632\" style=\"width: 2129px\" class=\"wp-caption alignnone\"><a href=\"https:\/\/s3-eu-west-1.amazonaws.com\/bwinnewsprod\/it\/uploads\/2015\/11\/GettyImages-477355384.jpg\"><img loading=\"lazy\" decoding=\"async\" class=\"size-full wp-image-79632\" src=\"https:\/\/s3-eu-west-1.amazonaws.com\/bwinnewsprod\/it\/uploads\/2015\/11\/GettyImages-477355384.jpg\" alt=\"Vazquez in campo con la maglia numero 10 dell'Italia\" width=\"2139\" height=\"3000\" \/><\/a><figcaption id=\"caption-attachment-79632\" class=\"wp-caption-text\">Vazquez in campo con la maglia numero 10 dell&#8217;Italia<\/figcaption><\/figure>\n<p class=\"p1\">Senza Dybala per\u00f2 la vita si \u00e8 dimostrata pi\u00f9 dura del previsto: l&#8217;anno scorso Vazquez aveva chiuso a maggio con 10 gol e 11 assist. Dopo 12 partite in questo campionato la rete \u00e8 una sola, 2 gli assist.<\/p>\n<p class=\"p1\">La media voto del numero 20 del Palermo &#8211; 6,08 &#8211; resta sufficiente, ma \u00e8 esemplificativa del limbo in cui \u00e8 finito un giocatore che insieme a Eder e Pell\u00e9 doveva essere uno dei volti nuovi dell&#8217;Italia verso Euro 2016.<\/p>\n<p class=\"p1\">E invece dopo le cinque convocazioni a cavallo di marzo e settembre 2015, Vazquez si \u00e8 dovuto accontentare di seguire da casa gli ultimi impegni della Nazionale.<\/p>\n<p class=\"p1\">La sua presenza nella lista definitiva di Conte per l&#8217;Europeo di Francia \u00e8 al momento in forte dubbio. Chiariamoci, Vazquez non sta giocando male, ma ha perso quel tocco magico da valore aggiunto all&#8217;undici titolare che lo rendeva papabile di convocazione solo qualche mese fa.<\/p>\n<p class=\"p1\">In pi\u00f9, anche dal punto di vista ambientale, a Palermo le cose filano tutt&#8217;altro che lisce. Il &#8220;Mudo&#8221; per una volta ha deciso di aprire bocca e di parlare chiaro e tondo rispetto alla questione-Iachini e anche per questo si \u00e8 attirato le ire del presidente Zamparini, che sembrava sul punto di metterlo repentinamente alla porta salvo fare retromarcia a distanza di qualche ora.<\/p>\n<p><a href=\"https:\/\/twitter.com\/mudo_vazquez\/status\/664018087918858241\">https:\/\/twitter.com\/mudo_vazquez\/status\/664018087918858241<\/a><\/p>\n<p class=\"p1\">Rientrare nel giro azzurro \u00e8 difficile, ma non impossibile. Vazquez avr\u00e0 bisogno di salire di tono nei prossimi mesi di campionato, ponendosi innanzitutto come primo obiettivo quello di <a href=\"https:\/\/www.bwin.it\/it\/sports\/4\/scommesse\/calcio#categoryIds=0.8742668621707708&amp;eventId=&amp;leagueIds=8575&amp;page=0&amp;sportId=4\">portare in salvo il Palermo, ad oggi a sole tre lunghezze\u00a0dalla zona retrocessione<\/a>.<\/p>\n","protected":false},"excerpt":{"rendered":"<p>Solo qualche mese fa l&#8217;attaccante oriundo era uno dei volti nuovi del calcio italiano e della Nazionale di Antonio Conte. Poi la separazione da Dybala e i malumori a Palermo ne hanno offuscato la stella<\/p>\n","protected":false},"author":125,"featured_media":0,"comment_status":"open","ping_status":"closed","sticky":false,"template":"","format":"standard","meta":{"_acf_changed":false,"footnotes":""},"categories":[12,282,3771],"tags":[],"class_list":["post-79617","post","type-post","status-publish","format-standard","has-post-thumbnail","hentry","category-campionato","category-serie-a","category-calcio","generate-columns","tablet-grid-50","mobile-grid-100","grid-parent","grid-50","no-featured-image-padding"],"acf":[],"yoast_head":"<!-- This site is optimized with the Yoast SEO plugin v24.3 - https:\/\/yoast.com\/wordpress\/plugins\/seo\/ -->\n<title>Franco Vazquez e quel cielo che da azzurro diventa (rosa)nero | | bwin<\/title>\n<meta name=\"description\" content=\"Solo qualche mese fa Vazquez era uno dei volti nuovi del calcio italiano e della Nazionale di Antonio Conte. Poi la separazione da Dybala e i malumori a Palermo ne hanno offuscato la stella\" \/>\n<meta name=\"robots\" content=\"index, follow, max-snippet:-1, max-image-preview:large, max-video-preview:-1\" \/>\n<link rel=\"canonical\" href=\"https:\/\/www.bwin.it\/it\/news\/calcio\/campionato\/franco-vazquez-e-quel-cielo-che-da-azzurro-diventa-rosanero\" \/>\n<meta property=\"og:locale\" content=\"it_IT\" \/>\n<meta property=\"og:type\" content=\"article\" \/>\n<meta property=\"og:title\" content=\"Franco Vazquez e quel cielo che da azzurro diventa (rosa)nero | | bwin\" \/>\n<meta property=\"og:description\" content=\"Solo qualche mese fa Vazquez era uno dei volti nuovi del calcio italiano e della Nazionale di Antonio Conte. Poi la separazione da Dybala e i malumori a Palermo ne hanno offuscato la stella\" \/>\n<meta property=\"og:url\" content=\"https:\/\/sports.bwin.it\/it\/news\/calcio\/campionato\/franco-vazquez-e-quel-cielo-che-da-azzurro-diventa-rosanero\" \/>\n<meta property=\"og:site_name\" content=\"bwin news\" \/>\n<meta property=\"article:published_time\" content=\"2015-11-17T14:56:02+00:00\" \/>\n<meta property=\"article:modified_time\" content=\"2015-11-18T10:44:56+00:00\" \/>\n<meta property=\"og:image\" content=\"https:\/\/s3-eu-west-1.amazonaws.com\/bwinnewsprod\/it\/uploads\/2015\/11\/GettyImages-477355384.jpg\" \/>\n<meta name=\"author\" content=\"Niccol\u00f2 Franchini - Datasport\" \/>\n<meta name=\"twitter:label1\" content=\"Scritto da\" \/>\n\t<meta name=\"twitter:data1\" content=\"Niccol\u00f2 Franchini - Datasport\" \/>\n\t<meta name=\"twitter:label2\" content=\"Tempo di lettura stimato\" \/>\n\t<meta name=\"twitter:data2\" content=\"2 minuti\" \/>\n<script type=\"application\/ld+json\" class=\"yoast-schema-graph\">{\"@context\":\"https:\/\/schema.org\",\"@graph\":[{\"@type\":\"Article\",\"@id\":\"https:\/\/sports.bwin.it\/it\/news\/calcio\/campionato\/franco-vazquez-e-quel-cielo-che-da-azzurro-diventa-rosanero#article\",\"isPartOf\":{\"@id\":\"https:\/\/sports.bwin.it\/it\/news\/calcio\/campionato\/franco-vazquez-e-quel-cielo-che-da-azzurro-diventa-rosanero\"},\"author\":{\"name\":\"Niccol\u00f2 Franchini - Datasport\",\"@id\":\"https:\/\/sports.bwin.it\/it\/news\/#\/schema\/person\/1f530f8fd1337b92f38c4c655e3afcea\"},\"headline\":\"Franco Vazquez e quel cielo che da azzurro diventa (rosa)nero\",\"datePublished\":\"2015-11-17T14:56:02+00:00\",\"dateModified\":\"2015-11-18T10:44:56+00:00\",\"mainEntityOfPage\":{\"@id\":\"https:\/\/sports.bwin.it\/it\/news\/calcio\/campionato\/franco-vazquez-e-quel-cielo-che-da-azzurro-diventa-rosanero\"},\"wordCount\":470,\"commentCount\":0,\"publisher\":{\"@id\":\"https:\/\/sports.bwin.it\/it\/news\/#organization\"},\"image\":{\"@id\":\"https:\/\/sports.bwin.it\/it\/news\/calcio\/campionato\/franco-vazquez-e-quel-cielo-che-da-azzurro-diventa-rosanero#primaryimage\"},\"thumbnailUrl\":\"https:\/\/s3-eu-west-1.amazonaws.com\/bwinnewsprod\/it\/uploads\/2015\/11\/GettyImages-477355384.jpg\",\"articleSection\":[\"Campionato\",\"Serie A\",\"Calcio\"],\"inLanguage\":\"it-IT\",\"copyrightYear\":\"2015\",\"copyrightHolder\":{\"@id\":\"https:\/\/www.bwin.it\/it\/news\/#organization\"}},{\"@type\":\"WebPage\",\"@id\":\"https:\/\/sports.bwin.it\/it\/news\/calcio\/campionato\/franco-vazquez-e-quel-cielo-che-da-azzurro-diventa-rosanero\",\"url\":\"https:\/\/sports.bwin.it\/it\/news\/calcio\/campionato\/franco-vazquez-e-quel-cielo-che-da-azzurro-diventa-rosanero\",\"name\":\"Franco Vazquez e quel cielo che da azzurro diventa (rosa)nero | | bwin\",\"isPartOf\":{\"@id\":\"https:\/\/sports.bwin.it\/it\/news\/#website\"},\"primaryImageOfPage\":{\"@id\":\"https:\/\/sports.bwin.it\/it\/news\/calcio\/campionato\/franco-vazquez-e-quel-cielo-che-da-azzurro-diventa-rosanero#primaryimage\"},\"image\":{\"@id\":\"https:\/\/sports.bwin.it\/it\/news\/calcio\/campionato\/franco-vazquez-e-quel-cielo-che-da-azzurro-diventa-rosanero#primaryimage\"},\"thumbnailUrl\":\"https:\/\/s3-eu-west-1.amazonaws.com\/bwinnewsprod\/it\/uploads\/2015\/11\/GettyImages-477355384.jpg\",\"datePublished\":\"2015-11-17T14:56:02+00:00\",\"dateModified\":\"2015-11-18T10:44:56+00:00\",\"description\":\"Solo qualche mese fa Vazquez era uno dei volti nuovi del calcio italiano e della Nazionale di Antonio Conte. Poi la separazione da Dybala e i malumori a Palermo ne hanno offuscato la stella\",\"breadcrumb\":{\"@id\":\"https:\/\/sports.bwin.it\/it\/news\/calcio\/campionato\/franco-vazquez-e-quel-cielo-che-da-azzurro-diventa-rosanero#breadcrumb\"},\"inLanguage\":\"it-IT\",\"potentialAction\":[{\"@type\":\"ReadAction\",\"target\":[\"https:\/\/sports.bwin.it\/it\/news\/calcio\/campionato\/franco-vazquez-e-quel-cielo-che-da-azzurro-diventa-rosanero\"]}]},{\"@type\":\"ImageObject\",\"inLanguage\":\"it-IT\",\"@id\":\"https:\/\/sports.bwin.it\/it\/news\/calcio\/campionato\/franco-vazquez-e-quel-cielo-che-da-azzurro-diventa-rosanero#primaryimage\",\"url\":\"https:\/\/s3-eu-west-1.amazonaws.com\/bwinnewsprod\/it\/uploads\/2015\/11\/GettyImages-477355384.jpg\",\"contentUrl\":\"https:\/\/s3-eu-west-1.amazonaws.com\/bwinnewsprod\/it\/uploads\/2015\/11\/GettyImages-477355384.jpg\"},{\"@type\":\"BreadcrumbList\",\"@id\":\"https:\/\/sports.bwin.it\/it\/news\/calcio\/campionato\/franco-vazquez-e-quel-cielo-che-da-azzurro-diventa-rosanero#breadcrumb\",\"itemListElement\":[{\"@type\":\"ListItem\",\"position\":1,\"name\":\"Home\",\"item\":\"https:\/\/sports.bwin.it\/it\/news\/\"},{\"@type\":\"ListItem\",\"position\":2,\"name\":\"Calcio\",\"item\":\"https:\/\/sports.bwin.it\/it\/news\/calcio\"},{\"@type\":\"ListItem\",\"position\":3,\"name\":\"Campionato\",\"item\":\"https:\/\/sports.bwin.it\/it\/news\/calcio\/campionato\"},{\"@type\":\"ListItem\",\"position\":4,\"name\":\"Serie A\",\"item\":\"https:\/\/sports.bwin.it\/it\/news\/calcio\/campionato\/serie-a\"},{\"@type\":\"ListItem\",\"position\":5,\"name\":\"Franco Vazquez e quel cielo che da azzurro diventa (rosa)nero\"}]},{\"@type\":\"WebSite\",\"@id\":\"https:\/\/sports.bwin.it\/it\/news\/#website\",\"url\":\"https:\/\/sports.bwin.it\/it\/news\/\",\"name\":\"bwin news\",\"description\":\"\",\"publisher\":{\"@id\":\"https:\/\/sports.bwin.it\/it\/news\/#organization\"},\"potentialAction\":[{\"@type\":\"SearchAction\",\"target\":{\"@type\":\"EntryPoint\",\"urlTemplate\":\"https:\/\/sports.bwin.it\/it\/news\/?s={search_term_string}\"},\"query-input\":{\"@type\":\"PropertyValueSpecification\",\"valueRequired\":true,\"valueName\":\"search_term_string\"}}],\"inLanguage\":\"it-IT\"},{\"@type\":\"Organization\",\"@id\":\"https:\/\/sports.bwin.it\/it\/news\/#organization\",\"name\":\"bwin news\",\"url\":\"https:\/\/sports.bwin.it\/it\/news\/\",\"logo\":{\"@type\":\"ImageObject\",\"inLanguage\":\"it-IT\",\"@id\":\"https:\/\/sports.bwin.it\/it\/news\/#\/schema\/logo\/image\/\",\"url\":\"https:\/\/www.bwin.it\/it\/news\/wp-content\/uploads\/2023\/04\/cropped-1060x400-bwin.news_.png\",\"contentUrl\":\"https:\/\/www.bwin.it\/it\/news\/wp-content\/uploads\/2023\/04\/cropped-1060x400-bwin.news_.png\",\"width\":1060,\"height\":400,\"caption\":\"bwin news\"},\"image\":{\"@id\":\"https:\/\/sports.bwin.it\/it\/news\/#\/schema\/logo\/image\/\"}},{\"@type\":\"Person\",\"@id\":\"https:\/\/sports.bwin.it\/it\/news\/#\/schema\/person\/1f530f8fd1337b92f38c4c655e3afcea\",\"name\":\"Niccol\u00f2 Franchini - Datasport\",\"image\":{\"@type\":\"ImageObject\",\"inLanguage\":\"it-IT\",\"@id\":\"https:\/\/sports.bwin.it\/it\/news\/#\/schema\/person\/image\/\",\"url\":\"https:\/\/secure.gravatar.com\/avatar\/d0ee68df201a193f3fa4962683620a92?s=96&d=mm&r=g\",\"contentUrl\":\"https:\/\/secure.gravatar.com\/avatar\/d0ee68df201a193f3fa4962683620a92?s=96&d=mm&r=g\",\"caption\":\"Niccol\u00f2 Franchini - Datasport\"},\"description\":\"Milanese classe \u201988. Dopo una carriera di tutto rispetto fra giardinetti, oratori e campionati giovanili, appende le scarpette al chiodo, trova il tempo per laurearsi e comincia a scrivere un po\u2019 di tutto: musica, cinema e soprattutto sport, collaborando con diverse testate giornalistiche. Hobby nel tempo libero: libri, videogames, bicicletta &amp; rock n' roll\",\"url\":\"https:\/\/www.bwin.it\/it\/news\/author\/niccolo-franchini\"}]}<\/script>\n<!-- \/ Yoast SEO plugin. -->","yoast_head_json":{"title":"Franco Vazquez e quel cielo che da azzurro diventa (rosa)nero | | bwin","description":"Solo qualche mese fa Vazquez era uno dei volti nuovi del calcio italiano e della Nazionale di Antonio Conte. Poi la separazione da Dybala e i malumori a Palermo ne hanno offuscato la stella","robots":{"index":"index","follow":"follow","max-snippet":"max-snippet:-1","max-image-preview":"max-image-preview:large","max-video-preview":"max-video-preview:-1"},"canonical":"https:\/\/www.bwin.it\/it\/news\/calcio\/campionato\/franco-vazquez-e-quel-cielo-che-da-azzurro-diventa-rosanero","og_locale":"it_IT","og_type":"article","og_title":"Franco Vazquez e quel cielo che da azzurro diventa (rosa)nero | | bwin","og_description":"Solo qualche mese fa Vazquez era uno dei volti nuovi del calcio italiano e della Nazionale di Antonio Conte. Poi la separazione da Dybala e i malumori a Palermo ne hanno offuscato la stella","og_url":"https:\/\/sports.bwin.it\/it\/news\/calcio\/campionato\/franco-vazquez-e-quel-cielo-che-da-azzurro-diventa-rosanero","og_site_name":"bwin news","article_published_time":"2015-11-17T14:56:02+00:00","article_modified_time":"2015-11-18T10:44:56+00:00","og_image":[{"url":"https:\/\/s3-eu-west-1.amazonaws.com\/bwinnewsprod\/it\/uploads\/2015\/11\/GettyImages-477355384.jpg","type":"","width":"","height":""}],"author":"Niccol\u00f2 Franchini - Datasport","twitter_misc":{"Scritto da":"Niccol\u00f2 Franchini - Datasport","Tempo di lettura stimato":"2 minuti"},"schema":{"@context":"https:\/\/schema.org","@graph":[{"@type":"Article","@id":"https:\/\/sports.bwin.it\/it\/news\/calcio\/campionato\/franco-vazquez-e-quel-cielo-che-da-azzurro-diventa-rosanero#article","isPartOf":{"@id":"https:\/\/sports.bwin.it\/it\/news\/calcio\/campionato\/franco-vazquez-e-quel-cielo-che-da-azzurro-diventa-rosanero"},"author":{"name":"Niccol\u00f2 Franchini - Datasport","@id":"https:\/\/sports.bwin.it\/it\/news\/#\/schema\/person\/1f530f8fd1337b92f38c4c655e3afcea"},"headline":"Franco Vazquez e quel cielo che da azzurro diventa (rosa)nero","datePublished":"2015-11-17T14:56:02+00:00","dateModified":"2015-11-18T10:44:56+00:00","mainEntityOfPage":{"@id":"https:\/\/sports.bwin.it\/it\/news\/calcio\/campionato\/franco-vazquez-e-quel-cielo-che-da-azzurro-diventa-rosanero"},"wordCount":470,"commentCount":0,"publisher":{"@id":"https:\/\/sports.bwin.it\/it\/news\/#organization"},"image":{"@id":"https:\/\/sports.bwin.it\/it\/news\/calcio\/campionato\/franco-vazquez-e-quel-cielo-che-da-azzurro-diventa-rosanero#primaryimage"},"thumbnailUrl":"https:\/\/s3-eu-west-1.amazonaws.com\/bwinnewsprod\/it\/uploads\/2015\/11\/GettyImages-477355384.jpg","articleSection":["Campionato","Serie A","Calcio"],"inLanguage":"it-IT","copyrightYear":"2015","copyrightHolder":{"@id":"https:\/\/www.bwin.it\/it\/news\/#organization"}},{"@type":"WebPage","@id":"https:\/\/sports.bwin.it\/it\/news\/calcio\/campionato\/franco-vazquez-e-quel-cielo-che-da-azzurro-diventa-rosanero","url":"https:\/\/sports.bwin.it\/it\/news\/calcio\/campionato\/franco-vazquez-e-quel-cielo-che-da-azzurro-diventa-rosanero","name":"Franco Vazquez e quel cielo che da azzurro diventa (rosa)nero | | bwin","isPartOf":{"@id":"https:\/\/sports.bwin.it\/it\/news\/#website"},"primaryImageOfPage":{"@id":"https:\/\/sports.bwin.it\/it\/news\/calcio\/campionato\/franco-vazquez-e-quel-cielo-che-da-azzurro-diventa-rosanero#primaryimage"},"image":{"@id":"https:\/\/sports.bwin.it\/it\/news\/calcio\/campionato\/franco-vazquez-e-quel-cielo-che-da-azzurro-diventa-rosanero#primaryimage"},"thumbnailUrl":"https:\/\/s3-eu-west-1.amazonaws.com\/bwinnewsprod\/it\/uploads\/2015\/11\/GettyImages-477355384.jpg","datePublished":"2015-11-17T14:56:02+00:00","dateModified":"2015-11-18T10:44:56+00:00","description":"Solo qualche mese fa Vazquez era uno dei volti nuovi del calcio italiano e della Nazionale di Antonio Conte. Poi la separazione da Dybala e i malumori a Palermo ne hanno offuscato la stella","breadcrumb":{"@id":"https:\/\/sports.bwin.it\/it\/news\/calcio\/campionato\/franco-vazquez-e-quel-cielo-che-da-azzurro-diventa-rosanero#breadcrumb"},"inLanguage":"it-IT","potentialAction":[{"@type":"ReadAction","target":["https:\/\/sports.bwin.it\/it\/news\/calcio\/campionato\/franco-vazquez-e-quel-cielo-che-da-azzurro-diventa-rosanero"]}]},{"@type":"ImageObject","inLanguage":"it-IT","@id":"https:\/\/sports.bwin.it\/it\/news\/calcio\/campionato\/franco-vazquez-e-quel-cielo-che-da-azzurro-diventa-rosanero#primaryimage","url":"https:\/\/s3-eu-west-1.amazonaws.com\/bwinnewsprod\/it\/uploads\/2015\/11\/GettyImages-477355384.jpg","contentUrl":"https:\/\/s3-eu-west-1.amazonaws.com\/bwinnewsprod\/it\/uploads\/2015\/11\/GettyImages-477355384.jpg"},{"@type":"BreadcrumbList","@id":"https:\/\/sports.bwin.it\/it\/news\/calcio\/campionato\/franco-vazquez-e-quel-cielo-che-da-azzurro-diventa-rosanero#breadcrumb","itemListElement":[{"@type":"ListItem","position":1,"name":"Home","item":"https:\/\/sports.bwin.it\/it\/news\/"},{"@type":"ListItem","position":2,"name":"Calcio","item":"https:\/\/sports.bwin.it\/it\/news\/calcio"},{"@type":"ListItem","position":3,"name":"Campionato","item":"https:\/\/sports.bwin.it\/it\/news\/calcio\/campionato"},{"@type":"ListItem","position":4,"name":"Serie A","item":"https:\/\/sports.bwin.it\/it\/news\/calcio\/campionato\/serie-a"},{"@type":"ListItem","position":5,"name":"Franco Vazquez e quel cielo che da azzurro diventa (rosa)nero"}]},{"@type":"WebSite","@id":"https:\/\/sports.bwin.it\/it\/news\/#website","url":"https:\/\/sports.bwin.it\/it\/news\/","name":"bwin news","description":"","publisher":{"@id":"https:\/\/sports.bwin.it\/it\/news\/#organization"},"potentialAction":[{"@type":"SearchAction","target":{"@type":"EntryPoint","urlTemplate":"https:\/\/sports.bwin.it\/it\/news\/?s={search_term_string}"},"query-input":{"@type":"PropertyValueSpecification","valueRequired":true,"valueName":"search_term_string"}}],"inLanguage":"it-IT"},{"@type":"Organization","@id":"https:\/\/sports.bwin.it\/it\/news\/#organization","name":"bwin news","url":"https:\/\/sports.bwin.it\/it\/news\/","logo":{"@type":"ImageObject","inLanguage":"it-IT","@id":"https:\/\/sports.bwin.it\/it\/news\/#\/schema\/logo\/image\/","url":"https:\/\/www.bwin.it\/it\/news\/wp-content\/uploads\/2023\/04\/cropped-1060x400-bwin.news_.png","contentUrl":"https:\/\/www.bwin.it\/it\/news\/wp-content\/uploads\/2023\/04\/cropped-1060x400-bwin.news_.png","width":1060,"height":400,"caption":"bwin news"},"image":{"@id":"https:\/\/sports.bwin.it\/it\/news\/#\/schema\/logo\/image\/"}},{"@type":"Person","@id":"https:\/\/sports.bwin.it\/it\/news\/#\/schema\/person\/1f530f8fd1337b92f38c4c655e3afcea","name":"Niccol\u00f2 Franchini - Datasport","image":{"@type":"ImageObject","inLanguage":"it-IT","@id":"https:\/\/sports.bwin.it\/it\/news\/#\/schema\/person\/image\/","url":"https:\/\/secure.gravatar.com\/avatar\/d0ee68df201a193f3fa4962683620a92?s=96&d=mm&r=g","contentUrl":"https:\/\/secure.gravatar.com\/avatar\/d0ee68df201a193f3fa4962683620a92?s=96&d=mm&r=g","caption":"Niccol\u00f2 Franchini - Datasport"},"description":"Milanese classe \u201988. Dopo una carriera di tutto rispetto fra giardinetti, oratori e campionati giovanili, appende le scarpette al chiodo, trova il tempo per laurearsi e comincia a scrivere un po\u2019 di tutto: musica, cinema e soprattutto sport, collaborando con diverse testate giornalistiche. Hobby nel tempo libero: libri, videogames, bicicletta &amp; rock n' roll","url":"https:\/\/www.bwin.it\/it\/news\/author\/niccolo-franchini"}]}},"_links":{"self":[{"href":"https:\/\/www.bwin.it\/it\/news\/wp-json\/wp\/v2\/posts\/79617","targetHints":{"allow":["GET"]}}],"collection":[{"href":"https:\/\/www.bwin.it\/it\/news\/wp-json\/wp\/v2\/posts"}],"about":[{"href":"https:\/\/www.bwin.it\/it\/news\/wp-json\/wp\/v2\/types\/post"}],"author":[{"embeddable":true,"href":"https:\/\/www.bwin.it\/it\/news\/wp-json\/wp\/v2\/users\/125"}],"replies":[{"embeddable":true,"href":"https:\/\/www.bwin.it\/it\/news\/wp-json\/wp\/v2\/comments?post=79617"}],"version-history":[{"count":3,"href":"https:\/\/www.bwin.it\/it\/news\/wp-json\/wp\/v2\/posts\/79617\/revisions"}],"predecessor-version":[{"id":79648,"href":"https:\/\/www.bwin.it\/it\/news\/wp-json\/wp\/v2\/posts\/79617\/revisions\/79648"}],"wp:attachment":[{"href":"https:\/\/www.bwin.it\/it\/news\/wp-json\/wp\/v2\/media?parent=79617"}],"wp:term":[{"taxonomy":"category","embeddable":true,"href":"https:\/\/www.bwin.it\/it\/news\/wp-json\/wp\/v2\/categories?post=79617"},{"taxonomy":"post_tag","embeddable":true,"href":"https:\/\/www.bwin.it\/it\/news\/wp-json\/wp\/v2\/tags?post=79617"}],"curies":[{"name":"wp","href":"https:\/\/api.w.org\/{rel}","templated":true}]}}