{"id":83350,"date":"2016-01-27T15:36:31","date_gmt":"2016-01-27T14:36:31","guid":{"rendered":"http:\/\/news.bwin.it\/?p=83350"},"modified":"2016-01-28T16:04:46","modified_gmt":"2016-01-28T15:04:46","slug":"desaparecidos-goran-pandev","status":"publish","type":"post","link":"https:\/\/www.bwin.it\/it\/news\/calcio\/campionato\/serie-a\/desaparecidos-goran-pandev","title":{"rendered":"Desaparecidos: Goran Pandev"},"content":{"rendered":"<p><strong>Uno degli eroi del Triplete dell&#8217;Inter di Mourinho \u00e8 finito ai margini nel Genoa quartultimo in classifica. La cessione a gennaio sembra una formalit\u00e0<\/strong><\/p>\n<p>Uno degli eroi (l&#8217;unico che ancora milita in Serie A) del Triplete di Mourinho \u00e8 finito tristemente in disparte: si tratta di Goran Pandev, attaccante macedone che il tecnico del Genoa Gianpiero Gasperini non sta assolutamente tenendo in considerazione nonostante una prima parte di stagione sottotono da parte del Grifone.<\/p>\n<p>La punta, ex Lazio e &#8211; appunto &#8211; Inter, \u00e8 stato il primo acquisto della nuova stagione rossobl\u00f9, prelevato dal Galatasaray gi\u00e0 a marzo. Il macedone \u00e8 stato fortemente voluto da Preziosi, che ne aveva individuato l&#8217;erede &#8211; in esperienza &#8211; di Iago Falqu\u00e8 nel tridente offensivo di Gasperini.<\/p>\n<p>&#8220;Sogno la qualificazione in Champions League e un gol nel derby&#8221;, aveva esordito Pandev. L&#8217;esterno arrivava da un&#8217;esperienza al Galatasaray dove aveva collezionato tante panchine, 4 presenze e 0 gol nella Liga turca, a testimonianza del suo evidente e naturale calo fisico e mentale.<\/p>\n<p>L&#8217;ultima annata da protagonista (o semi-protagonista), Pandev l&#8217;ha vissuta con Rafa Benitez, nel ruolo di vice-Higuain nel suo primo Napoli. 7 gol in 29 presenze, culminate per\u00f2 con la gi\u00e0 citata cessione in Turchia.<\/p>\n<figure id=\"attachment_83351\" aria-describedby=\"caption-attachment-83351\" style=\"width: 2990px\" class=\"wp-caption alignnone\"><a href=\"https:\/\/s3-eu-west-1.amazonaws.com\/bwinnewsprod\/it\/uploads\/2016\/01\/nap.jpg\"><img loading=\"lazy\" decoding=\"async\" class=\"wp-image-83351 size-full\" src=\"https:\/\/s3-eu-west-1.amazonaws.com\/bwinnewsprod\/it\/uploads\/2016\/01\/nap.jpg\" alt=\"NAPLES, ITALY - APRIL 13: Goran Pandev of Napoli in action during the Serie A match between SSC Napoli and SS Lazio at Stadio San Paolo on April 13, 2014 in Naples, Italy. (Photo by Giuseppe Bellini\/Getty Images)\" width=\"3000\" height=\"2525\" \/><\/a><figcaption id=\"caption-attachment-83351\" class=\"wp-caption-text\">Goran Pandev con la maglia del Napoli nel 2013-14<\/figcaption><\/figure>\n<p>Al Genoa Gasperini ne voleva fare una &#8220;chioccia&#8221; per i giocatori pi\u00f9 giovani sbarcati a Marassi, quali Gakpe, Laxalt, Lazovic etc. Ma il macedone, alla terza presenza con la maglia rossobl\u00f9, si \u00e8 fatto espellere proprio contro la Lazio, sua ex squadra. Tre giornate di squalifica &#8220;per avere colpito intenzionalmente un calciatore avversario con una violenta gomitata al volto&#8221;. Non proprio l&#8217;apporto di esperienza e leadership che si attendeva il Grifone.<\/p>\n<p>E allora ecco che Pandev \u00e8 finito ai margini delle rotazioni di Gasperini. Ad ora, nel girone d&#8217;andata, solamente 9 presenze, e solamente due da titolare, ad inizio anno. Il procuratore ha ammesso che non c&#8217;\u00e8 buona aria tra il suo assistito e il club ligure, anche se: &#8220;Ad oggi nessuno ci ha imposto un trasferimento&#8221;.<\/p>\n<p>Sar\u00e0, per\u00f2 l&#8217;agente parla anche di un equivoco &#8220;tattico&#8221;: &#8220;Il Genoa ha scoperto di aver bisogno di una punta centrale e Pandev non lo \u00e8 mai stato, ci sono possibilit\u00e0 di addio&#8221;. Si parla di Bologna (ma Donadoni \u00e8 poco convinto sull&#8217;integrit\u00e0 del macedone) o di una possibile cessione al Mallorca. Per l&#8217;ultimo reduce in Serie A del &#8220;Triplete&#8221; di Mourinho.<\/p>\n","protected":false},"excerpt":{"rendered":"<p>Uno degli eroi del Triplete dell&#8217;Inter di Mourinho \u00e8 finito ai margini nel Genoa quartultimo in classifica. La cessione a gennaio sembra una formalit\u00e0 Uno degli eroi (l&#8217;unico che ancora milita in Serie A) del Triplete di Mourinho \u00e8 finito tristemente in disparte: si tratta di Goran Pandev, attaccante macedone &#8230; <a title=\"Desaparecidos: Goran Pandev\" class=\"read-more\" href=\"https:\/\/www.bwin.it\/it\/news\/calcio\/campionato\/serie-a\/desaparecidos-goran-pandev\" aria-label=\"Per saperne di pi\u00f9 su Desaparecidos: Goran Pandev\">Leggi tutto<\/a><\/p>\n","protected":false},"author":124,"featured_media":0,"comment_status":"open","ping_status":"closed","sticky":false,"template":"","format":"standard","meta":{"_acf_changed":false,"footnotes":""},"categories":[282],"tags":[],"class_list":["post-83350","post","type-post","status-publish","format-standard","has-post-thumbnail","hentry","category-serie-a","generate-columns","tablet-grid-50","mobile-grid-100","grid-parent","grid-50","no-featured-image-padding"],"acf":[],"yoast_head":"<!-- This site is optimized with the Yoast SEO plugin v24.3 - https:\/\/yoast.com\/wordpress\/plugins\/seo\/ -->\n<title>Desaparecidos: Goran Pandev<\/title>\n<meta name=\"description\" content=\"Desaparecidos: Goran Pandev. Uno degli eroi del Triplete dell&#039;Inter di Mourinho \u00e8 finito ai margini nel Genoa quartultimo in classifica. La cessione a gennaio sembra una formalit\u00e0\" \/>\n<meta name=\"robots\" content=\"index, follow, max-snippet:-1, max-image-preview:large, max-video-preview:-1\" \/>\n<link rel=\"canonical\" href=\"https:\/\/www.bwin.it\/it\/news\/calcio\/campionato\/serie-a\/desaparecidos-goran-pandev\" \/>\n<meta property=\"og:locale\" content=\"it_IT\" \/>\n<meta property=\"og:type\" content=\"article\" \/>\n<meta property=\"og:title\" content=\"Desaparecidos: Goran Pandev\" \/>\n<meta property=\"og:description\" content=\"Desaparecidos: Goran Pandev. Uno degli eroi del Triplete dell&#039;Inter di Mourinho \u00e8 finito ai margini nel Genoa quartultimo in classifica. La cessione a gennaio sembra una formalit\u00e0\" \/>\n<meta property=\"og:url\" content=\"https:\/\/sports.bwin.it\/it\/news\/calcio\/campionato\/serie-a\/desaparecidos-goran-pandev\" \/>\n<meta property=\"og:site_name\" content=\"bwin news\" \/>\n<meta property=\"article:published_time\" content=\"2016-01-27T14:36:31+00:00\" \/>\n<meta property=\"article:modified_time\" content=\"2016-01-28T15:04:46+00:00\" \/>\n<meta property=\"og:image\" content=\"https:\/\/s3-eu-west-1.amazonaws.com\/bwinnewsprod\/it\/uploads\/2016\/01\/nap.jpg\" \/>\n<meta name=\"author\" content=\"Andrea Repossi - Datasport\" \/>\n<meta name=\"twitter:label1\" content=\"Scritto da\" \/>\n\t<meta name=\"twitter:data1\" content=\"Andrea Repossi - Datasport\" \/>\n\t<meta name=\"twitter:label2\" content=\"Tempo di lettura stimato\" \/>\n\t<meta name=\"twitter:data2\" content=\"2 minuti\" \/>\n<script type=\"application\/ld+json\" class=\"yoast-schema-graph\">{\"@context\":\"https:\/\/schema.org\",\"@graph\":[{\"@type\":\"Article\",\"@id\":\"https:\/\/sports.bwin.it\/it\/news\/calcio\/campionato\/serie-a\/desaparecidos-goran-pandev#article\",\"isPartOf\":{\"@id\":\"https:\/\/sports.bwin.it\/it\/news\/calcio\/campionato\/serie-a\/desaparecidos-goran-pandev\"},\"author\":{\"name\":\"Andrea Repossi - Datasport\",\"@id\":\"https:\/\/sports.bwin.it\/it\/news\/#\/schema\/person\/c70a23fae962eaa8371ac50751cba863\"},\"headline\":\"Desaparecidos: Goran Pandev\",\"datePublished\":\"2016-01-27T14:36:31+00:00\",\"dateModified\":\"2016-01-28T15:04:46+00:00\",\"mainEntityOfPage\":{\"@id\":\"https:\/\/sports.bwin.it\/it\/news\/calcio\/campionato\/serie-a\/desaparecidos-goran-pandev\"},\"wordCount\":395,\"commentCount\":0,\"publisher\":{\"@id\":\"https:\/\/sports.bwin.it\/it\/news\/#organization\"},\"image\":{\"@id\":\"https:\/\/sports.bwin.it\/it\/news\/calcio\/campionato\/serie-a\/desaparecidos-goran-pandev#primaryimage\"},\"thumbnailUrl\":\"https:\/\/s3-eu-west-1.amazonaws.com\/bwinnewsprod\/it\/uploads\/2016\/01\/nap.jpg\",\"articleSection\":[\"Serie A\"],\"inLanguage\":\"it-IT\",\"copyrightYear\":\"2016\",\"copyrightHolder\":{\"@id\":\"https:\/\/www.bwin.it\/it\/news\/#organization\"}},{\"@type\":\"WebPage\",\"@id\":\"https:\/\/sports.bwin.it\/it\/news\/calcio\/campionato\/serie-a\/desaparecidos-goran-pandev\",\"url\":\"https:\/\/sports.bwin.it\/it\/news\/calcio\/campionato\/serie-a\/desaparecidos-goran-pandev\",\"name\":\"Desaparecidos: Goran Pandev\",\"isPartOf\":{\"@id\":\"https:\/\/sports.bwin.it\/it\/news\/#website\"},\"primaryImageOfPage\":{\"@id\":\"https:\/\/sports.bwin.it\/it\/news\/calcio\/campionato\/serie-a\/desaparecidos-goran-pandev#primaryimage\"},\"image\":{\"@id\":\"https:\/\/sports.bwin.it\/it\/news\/calcio\/campionato\/serie-a\/desaparecidos-goran-pandev#primaryimage\"},\"thumbnailUrl\":\"https:\/\/s3-eu-west-1.amazonaws.com\/bwinnewsprod\/it\/uploads\/2016\/01\/nap.jpg\",\"datePublished\":\"2016-01-27T14:36:31+00:00\",\"dateModified\":\"2016-01-28T15:04:46+00:00\",\"description\":\"Desaparecidos: Goran Pandev. Uno degli eroi del Triplete dell'Inter di Mourinho \u00e8 finito ai margini nel Genoa quartultimo in classifica. La cessione a gennaio sembra una formalit\u00e0\",\"breadcrumb\":{\"@id\":\"https:\/\/sports.bwin.it\/it\/news\/calcio\/campionato\/serie-a\/desaparecidos-goran-pandev#breadcrumb\"},\"inLanguage\":\"it-IT\",\"potentialAction\":[{\"@type\":\"ReadAction\",\"target\":[\"https:\/\/sports.bwin.it\/it\/news\/calcio\/campionato\/serie-a\/desaparecidos-goran-pandev\"]}]},{\"@type\":\"ImageObject\",\"inLanguage\":\"it-IT\",\"@id\":\"https:\/\/sports.bwin.it\/it\/news\/calcio\/campionato\/serie-a\/desaparecidos-goran-pandev#primaryimage\",\"url\":\"https:\/\/s3-eu-west-1.amazonaws.com\/bwinnewsprod\/it\/uploads\/2016\/01\/nap.jpg\",\"contentUrl\":\"https:\/\/s3-eu-west-1.amazonaws.com\/bwinnewsprod\/it\/uploads\/2016\/01\/nap.jpg\"},{\"@type\":\"BreadcrumbList\",\"@id\":\"https:\/\/sports.bwin.it\/it\/news\/calcio\/campionato\/serie-a\/desaparecidos-goran-pandev#breadcrumb\",\"itemListElement\":[{\"@type\":\"ListItem\",\"position\":1,\"name\":\"Home\",\"item\":\"https:\/\/sports.bwin.it\/it\/news\/\"},{\"@type\":\"ListItem\",\"position\":2,\"name\":\"Calcio\",\"item\":\"https:\/\/sports.bwin.it\/it\/news\/calcio\"},{\"@type\":\"ListItem\",\"position\":3,\"name\":\"Campionato\",\"item\":\"https:\/\/sports.bwin.it\/it\/news\/calcio\/campionato\"},{\"@type\":\"ListItem\",\"position\":4,\"name\":\"Serie A\",\"item\":\"https:\/\/sports.bwin.it\/it\/news\/calcio\/campionato\/serie-a\"},{\"@type\":\"ListItem\",\"position\":5,\"name\":\"Desaparecidos: Goran Pandev\"}]},{\"@type\":\"WebSite\",\"@id\":\"https:\/\/sports.bwin.it\/it\/news\/#website\",\"url\":\"https:\/\/sports.bwin.it\/it\/news\/\",\"name\":\"bwin news\",\"description\":\"\",\"publisher\":{\"@id\":\"https:\/\/sports.bwin.it\/it\/news\/#organization\"},\"potentialAction\":[{\"@type\":\"SearchAction\",\"target\":{\"@type\":\"EntryPoint\",\"urlTemplate\":\"https:\/\/sports.bwin.it\/it\/news\/?s={search_term_string}\"},\"query-input\":{\"@type\":\"PropertyValueSpecification\",\"valueRequired\":true,\"valueName\":\"search_term_string\"}}],\"inLanguage\":\"it-IT\"},{\"@type\":\"Organization\",\"@id\":\"https:\/\/sports.bwin.it\/it\/news\/#organization\",\"name\":\"bwin news\",\"url\":\"https:\/\/sports.bwin.it\/it\/news\/\",\"logo\":{\"@type\":\"ImageObject\",\"inLanguage\":\"it-IT\",\"@id\":\"https:\/\/sports.bwin.it\/it\/news\/#\/schema\/logo\/image\/\",\"url\":\"https:\/\/www.bwin.it\/it\/news\/wp-content\/uploads\/2023\/04\/cropped-1060x400-bwin.news_.png\",\"contentUrl\":\"https:\/\/www.bwin.it\/it\/news\/wp-content\/uploads\/2023\/04\/cropped-1060x400-bwin.news_.png\",\"width\":1060,\"height\":400,\"caption\":\"bwin news\"},\"image\":{\"@id\":\"https:\/\/sports.bwin.it\/it\/news\/#\/schema\/logo\/image\/\"}},{\"@type\":\"Person\",\"@id\":\"https:\/\/sports.bwin.it\/it\/news\/#\/schema\/person\/c70a23fae962eaa8371ac50751cba863\",\"name\":\"Andrea Repossi - Datasport\",\"image\":{\"@type\":\"ImageObject\",\"inLanguage\":\"it-IT\",\"@id\":\"https:\/\/sports.bwin.it\/it\/news\/#\/schema\/person\/image\/\",\"url\":\"https:\/\/secure.gravatar.com\/avatar\/23445e52bb8ed283804552d9a677981a?s=96&d=mm&r=g\",\"contentUrl\":\"https:\/\/secure.gravatar.com\/avatar\/23445e52bb8ed283804552d9a677981a?s=96&d=mm&r=g\",\"caption\":\"Andrea Repossi - Datasport\"},\"description\":\"Nato a Milano e cresciuto a pane&amp;pallone fin da bimbo, si \u00e8 laureato in Lettere e Filosofia con una tesi sul \\\"calcio spezzatino\\\". Ha collaborato per anni in redazioni sportive online e cartacee, fino a sublimare la sua maniacale passione per il calcio e le scommesse unendosi alla banda di bwin. In mezzo, un anno di migrazione in Sudamerica tra Argentina, Uruguay e Brasile: l\u00e0 dove nascono i veri talenti!\",\"url\":\"https:\/\/www.bwin.it\/it\/news\/author\/andrea-repossi\"}]}<\/script>\n<!-- \/ Yoast SEO plugin. -->","yoast_head_json":{"title":"Desaparecidos: Goran Pandev","description":"Desaparecidos: Goran Pandev. Uno degli eroi del Triplete dell'Inter di Mourinho \u00e8 finito ai margini nel Genoa quartultimo in classifica. La cessione a gennaio sembra una formalit\u00e0","robots":{"index":"index","follow":"follow","max-snippet":"max-snippet:-1","max-image-preview":"max-image-preview:large","max-video-preview":"max-video-preview:-1"},"canonical":"https:\/\/www.bwin.it\/it\/news\/calcio\/campionato\/serie-a\/desaparecidos-goran-pandev","og_locale":"it_IT","og_type":"article","og_title":"Desaparecidos: Goran Pandev","og_description":"Desaparecidos: Goran Pandev. Uno degli eroi del Triplete dell'Inter di Mourinho \u00e8 finito ai margini nel Genoa quartultimo in classifica. La cessione a gennaio sembra una formalit\u00e0","og_url":"https:\/\/sports.bwin.it\/it\/news\/calcio\/campionato\/serie-a\/desaparecidos-goran-pandev","og_site_name":"bwin news","article_published_time":"2016-01-27T14:36:31+00:00","article_modified_time":"2016-01-28T15:04:46+00:00","og_image":[{"url":"https:\/\/s3-eu-west-1.amazonaws.com\/bwinnewsprod\/it\/uploads\/2016\/01\/nap.jpg","type":"","width":"","height":""}],"author":"Andrea Repossi - Datasport","twitter_misc":{"Scritto da":"Andrea Repossi - Datasport","Tempo di lettura stimato":"2 minuti"},"schema":{"@context":"https:\/\/schema.org","@graph":[{"@type":"Article","@id":"https:\/\/sports.bwin.it\/it\/news\/calcio\/campionato\/serie-a\/desaparecidos-goran-pandev#article","isPartOf":{"@id":"https:\/\/sports.bwin.it\/it\/news\/calcio\/campionato\/serie-a\/desaparecidos-goran-pandev"},"author":{"name":"Andrea Repossi - Datasport","@id":"https:\/\/sports.bwin.it\/it\/news\/#\/schema\/person\/c70a23fae962eaa8371ac50751cba863"},"headline":"Desaparecidos: Goran Pandev","datePublished":"2016-01-27T14:36:31+00:00","dateModified":"2016-01-28T15:04:46+00:00","mainEntityOfPage":{"@id":"https:\/\/sports.bwin.it\/it\/news\/calcio\/campionato\/serie-a\/desaparecidos-goran-pandev"},"wordCount":395,"commentCount":0,"publisher":{"@id":"https:\/\/sports.bwin.it\/it\/news\/#organization"},"image":{"@id":"https:\/\/sports.bwin.it\/it\/news\/calcio\/campionato\/serie-a\/desaparecidos-goran-pandev#primaryimage"},"thumbnailUrl":"https:\/\/s3-eu-west-1.amazonaws.com\/bwinnewsprod\/it\/uploads\/2016\/01\/nap.jpg","articleSection":["Serie A"],"inLanguage":"it-IT","copyrightYear":"2016","copyrightHolder":{"@id":"https:\/\/www.bwin.it\/it\/news\/#organization"}},{"@type":"WebPage","@id":"https:\/\/sports.bwin.it\/it\/news\/calcio\/campionato\/serie-a\/desaparecidos-goran-pandev","url":"https:\/\/sports.bwin.it\/it\/news\/calcio\/campionato\/serie-a\/desaparecidos-goran-pandev","name":"Desaparecidos: Goran Pandev","isPartOf":{"@id":"https:\/\/sports.bwin.it\/it\/news\/#website"},"primaryImageOfPage":{"@id":"https:\/\/sports.bwin.it\/it\/news\/calcio\/campionato\/serie-a\/desaparecidos-goran-pandev#primaryimage"},"image":{"@id":"https:\/\/sports.bwin.it\/it\/news\/calcio\/campionato\/serie-a\/desaparecidos-goran-pandev#primaryimage"},"thumbnailUrl":"https:\/\/s3-eu-west-1.amazonaws.com\/bwinnewsprod\/it\/uploads\/2016\/01\/nap.jpg","datePublished":"2016-01-27T14:36:31+00:00","dateModified":"2016-01-28T15:04:46+00:00","description":"Desaparecidos: Goran Pandev. Uno degli eroi del Triplete dell'Inter di Mourinho \u00e8 finito ai margini nel Genoa quartultimo in classifica. La cessione a gennaio sembra una formalit\u00e0","breadcrumb":{"@id":"https:\/\/sports.bwin.it\/it\/news\/calcio\/campionato\/serie-a\/desaparecidos-goran-pandev#breadcrumb"},"inLanguage":"it-IT","potentialAction":[{"@type":"ReadAction","target":["https:\/\/sports.bwin.it\/it\/news\/calcio\/campionato\/serie-a\/desaparecidos-goran-pandev"]}]},{"@type":"ImageObject","inLanguage":"it-IT","@id":"https:\/\/sports.bwin.it\/it\/news\/calcio\/campionato\/serie-a\/desaparecidos-goran-pandev#primaryimage","url":"https:\/\/s3-eu-west-1.amazonaws.com\/bwinnewsprod\/it\/uploads\/2016\/01\/nap.jpg","contentUrl":"https:\/\/s3-eu-west-1.amazonaws.com\/bwinnewsprod\/it\/uploads\/2016\/01\/nap.jpg"},{"@type":"BreadcrumbList","@id":"https:\/\/sports.bwin.it\/it\/news\/calcio\/campionato\/serie-a\/desaparecidos-goran-pandev#breadcrumb","itemListElement":[{"@type":"ListItem","position":1,"name":"Home","item":"https:\/\/sports.bwin.it\/it\/news\/"},{"@type":"ListItem","position":2,"name":"Calcio","item":"https:\/\/sports.bwin.it\/it\/news\/calcio"},{"@type":"ListItem","position":3,"name":"Campionato","item":"https:\/\/sports.bwin.it\/it\/news\/calcio\/campionato"},{"@type":"ListItem","position":4,"name":"Serie A","item":"https:\/\/sports.bwin.it\/it\/news\/calcio\/campionato\/serie-a"},{"@type":"ListItem","position":5,"name":"Desaparecidos: Goran Pandev"}]},{"@type":"WebSite","@id":"https:\/\/sports.bwin.it\/it\/news\/#website","url":"https:\/\/sports.bwin.it\/it\/news\/","name":"bwin news","description":"","publisher":{"@id":"https:\/\/sports.bwin.it\/it\/news\/#organization"},"potentialAction":[{"@type":"SearchAction","target":{"@type":"EntryPoint","urlTemplate":"https:\/\/sports.bwin.it\/it\/news\/?s={search_term_string}"},"query-input":{"@type":"PropertyValueSpecification","valueRequired":true,"valueName":"search_term_string"}}],"inLanguage":"it-IT"},{"@type":"Organization","@id":"https:\/\/sports.bwin.it\/it\/news\/#organization","name":"bwin news","url":"https:\/\/sports.bwin.it\/it\/news\/","logo":{"@type":"ImageObject","inLanguage":"it-IT","@id":"https:\/\/sports.bwin.it\/it\/news\/#\/schema\/logo\/image\/","url":"https:\/\/www.bwin.it\/it\/news\/wp-content\/uploads\/2023\/04\/cropped-1060x400-bwin.news_.png","contentUrl":"https:\/\/www.bwin.it\/it\/news\/wp-content\/uploads\/2023\/04\/cropped-1060x400-bwin.news_.png","width":1060,"height":400,"caption":"bwin news"},"image":{"@id":"https:\/\/sports.bwin.it\/it\/news\/#\/schema\/logo\/image\/"}},{"@type":"Person","@id":"https:\/\/sports.bwin.it\/it\/news\/#\/schema\/person\/c70a23fae962eaa8371ac50751cba863","name":"Andrea Repossi - Datasport","image":{"@type":"ImageObject","inLanguage":"it-IT","@id":"https:\/\/sports.bwin.it\/it\/news\/#\/schema\/person\/image\/","url":"https:\/\/secure.gravatar.com\/avatar\/23445e52bb8ed283804552d9a677981a?s=96&d=mm&r=g","contentUrl":"https:\/\/secure.gravatar.com\/avatar\/23445e52bb8ed283804552d9a677981a?s=96&d=mm&r=g","caption":"Andrea Repossi - Datasport"},"description":"Nato a Milano e cresciuto a pane&amp;pallone fin da bimbo, si \u00e8 laureato in Lettere e Filosofia con una tesi sul \"calcio spezzatino\". Ha collaborato per anni in redazioni sportive online e cartacee, fino a sublimare la sua maniacale passione per il calcio e le scommesse unendosi alla banda di bwin. In mezzo, un anno di migrazione in Sudamerica tra Argentina, Uruguay e Brasile: l\u00e0 dove nascono i veri talenti!","url":"https:\/\/www.bwin.it\/it\/news\/author\/andrea-repossi"}]}},"_links":{"self":[{"href":"https:\/\/www.bwin.it\/it\/news\/wp-json\/wp\/v2\/posts\/83350","targetHints":{"allow":["GET"]}}],"collection":[{"href":"https:\/\/www.bwin.it\/it\/news\/wp-json\/wp\/v2\/posts"}],"about":[{"href":"https:\/\/www.bwin.it\/it\/news\/wp-json\/wp\/v2\/types\/post"}],"author":[{"embeddable":true,"href":"https:\/\/www.bwin.it\/it\/news\/wp-json\/wp\/v2\/users\/124"}],"replies":[{"embeddable":true,"href":"https:\/\/www.bwin.it\/it\/news\/wp-json\/wp\/v2\/comments?post=83350"}],"version-history":[{"count":2,"href":"https:\/\/www.bwin.it\/it\/news\/wp-json\/wp\/v2\/posts\/83350\/revisions"}],"predecessor-version":[{"id":83477,"href":"https:\/\/www.bwin.it\/it\/news\/wp-json\/wp\/v2\/posts\/83350\/revisions\/83477"}],"wp:attachment":[{"href":"https:\/\/www.bwin.it\/it\/news\/wp-json\/wp\/v2\/media?parent=83350"}],"wp:term":[{"taxonomy":"category","embeddable":true,"href":"https:\/\/www.bwin.it\/it\/news\/wp-json\/wp\/v2\/categories?post=83350"},{"taxonomy":"post_tag","embeddable":true,"href":"https:\/\/www.bwin.it\/it\/news\/wp-json\/wp\/v2\/tags?post=83350"}],"curies":[{"name":"wp","href":"https:\/\/api.w.org\/{rel}","templated":true}]}}